{"id":22544,"date":"2021-05-30T19:21:58","date_gmt":"2021-05-30T19:21:58","guid":{"rendered":"http:\/\/elterritorialweb.com.ar\/web\/?p=22544"},"modified":"2021-05-30T19:21:59","modified_gmt":"2021-05-30T19:21:59","slug":"operativo-de-vacunacion-a-personas-con-discapacidad-mayores-de-18-anos-en-la-ciudad-de-frias","status":"publish","type":"post","link":"https:\/\/elterritorialweb.com.ar\/web\/operativo-de-vacunacion-a-personas-con-discapacidad-mayores-de-18-anos-en-la-ciudad-de-frias\/","title":{"rendered":"OPERATIVO DE VACUNACI\u00d3N A PERSONAS CON DISCAPACIDAD MAYORES DE 18 A\u00d1OS EN LA CIUDAD DE FR\u00cdAS"},"content":{"rendered":"\n<p>En esta oportunidad, por gestiones realizadas ante el Ministerio de Salud de la Provincia y juntamente con el Hospital Zonal de nuestra ciudad se llev\u00f3 a cabo la vacunaci\u00f3n a personas con discapacidad mayores de 18 a\u00f1os que asistentes a instituciones educativas y\/o terap\u00e9uticas entre ellas: Escuela Municipalidad hac\u00eda la Vida, Centro Educativo Integral (CEI),Centro integral Terap\u00e9utico Crecer y Asociaci\u00f3n de Padres por un Camino sin Fronteras.<\/p>\n\n\n\n<figure class=\"wp-block-image size-large\"><a href=\"https:\/\/i0.wp.com\/elterritorialweb.com.ar\/web\/wp-content\/uploads\/2021\/05\/FRIAS-VACUNACION.jpg\"><img data-recalc-dims=\"1\" decoding=\"async\" width=\"640\" height=\"427\" data-src=\"https:\/\/i0.wp.com\/elterritorialweb.com.ar\/web\/wp-content\/uploads\/2021\/05\/FRIAS-VACUNACION.jpg?resize=640%2C427\" alt=\"\" class=\"wp-image-22546 lazyload\" data-srcset=\"https:\/\/i0.wp.com\/elterritorialweb.com.ar\/web\/wp-content\/uploads\/2021\/05\/FRIAS-VACUNACION.jpg?w=810&amp;ssl=1 810w, https:\/\/i0.wp.com\/elterritorialweb.com.ar\/web\/wp-content\/uploads\/2021\/05\/FRIAS-VACUNACION.jpg?resize=300%2C200&amp;ssl=1 300w, https:\/\/i0.wp.com\/elterritorialweb.com.ar\/web\/wp-content\/uploads\/2021\/05\/FRIAS-VACUNACION.jpg?resize=768%2C512&amp;ssl=1 768w\" data-sizes=\"(max-width: 640px) 100vw, 640px\" src=\"data:image\/svg+xml;base64,PHN2ZyB3aWR0aD0iMSIgaGVpZ2h0PSIxIiB4bWxucz0iaHR0cDovL3d3dy53My5vcmcvMjAwMC9zdmciPjwvc3ZnPg==\" style=\"--smush-placeholder-width: 640px; --smush-placeholder-aspect-ratio: 640\/427;\" \/><\/a><\/figure>\n\n\n\n<p><em>\u00abVenimos a seguir acompa\u00f1ando a las instituciones de nuestra ciudad y caminar cada paso que se da en beneficio de los ciudadanos de Fr\u00edas. La vacunaci\u00f3n es uno de los pasos importantes que estamos realizando y por ello el compromiso asumido que hoy se hace realidad nos invita a continuar trabajando fuertemente por todas las personas que necesitan del estado. La actual gesti\u00f3n municipal, la predisposici\u00f3n y la decisi\u00f3n de llevar a cabo estas acciones est\u00e1n y estar\u00e1n siempre a vuestro servicio\u00bb, <\/em>se\u00f1al\u00f3 el Dr. Astor An\u00edbal Padula.<\/p>\n\n\n\n<figure class=\"wp-block-image size-large\"><a href=\"https:\/\/i0.wp.com\/elterritorialweb.com.ar\/web\/wp-content\/uploads\/2021\/05\/FRIAS-VACUNACION-1.jpg\"><img data-recalc-dims=\"1\" decoding=\"async\" width=\"640\" height=\"480\" data-src=\"https:\/\/i0.wp.com\/elterritorialweb.com.ar\/web\/wp-content\/uploads\/2021\/05\/FRIAS-VACUNACION-1.jpg?resize=640%2C480\" alt=\"\" class=\"wp-image-22547 lazyload\" data-srcset=\"https:\/\/i0.wp.com\/elterritorialweb.com.ar\/web\/wp-content\/uploads\/2021\/05\/FRIAS-VACUNACION-1.jpg?w=960&amp;ssl=1 960w, https:\/\/i0.wp.com\/elterritorialweb.com.ar\/web\/wp-content\/uploads\/2021\/05\/FRIAS-VACUNACION-1.jpg?resize=300%2C225&amp;ssl=1 300w, https:\/\/i0.wp.com\/elterritorialweb.com.ar\/web\/wp-content\/uploads\/2021\/05\/FRIAS-VACUNACION-1.jpg?resize=768%2C576&amp;ssl=1 768w\" data-sizes=\"(max-width: 640px) 100vw, 640px\" src=\"data:image\/svg+xml;base64,PHN2ZyB3aWR0aD0iMSIgaGVpZ2h0PSIxIiB4bWxucz0iaHR0cDovL3d3dy53My5vcmcvMjAwMC9zdmciPjwvc3ZnPg==\" style=\"--smush-placeholder-width: 640px; --smush-placeholder-aspect-ratio: 640\/480;\" \/><\/a><\/figure>\n\n\n\n<p>Adem\u00e1s, el Intendente manifest\u00f3 su agradecimiento al Gobierno de la Provincia de Santiago del Estero, al Dr.. Gerardo Zamora, al Ministerio de Salud Provincial, al Hospital Zonal de Fr\u00edas y a la Subsecretar\u00eda de Desarrollo Social y al \u00c1rea de Salud Municipal por la labor realizada en este proceso de vacunaci\u00f3n que se realiza en nuestra ciudad y que continuar\u00e1 con otro grupo etario en los pr\u00f3ximos d\u00edas.<\/p>\n\n\n\n<figure class=\"wp-block-image size-large\"><a href=\"https:\/\/i0.wp.com\/elterritorialweb.com.ar\/web\/wp-content\/uploads\/2021\/05\/FRIAS-VACUNACION-3.jpg\"><img data-recalc-dims=\"1\" decoding=\"async\" width=\"640\" height=\"853\" data-src=\"https:\/\/i0.wp.com\/elterritorialweb.com.ar\/web\/wp-content\/uploads\/2021\/05\/FRIAS-VACUNACION-3.jpg?resize=640%2C853\" alt=\"\" class=\"wp-image-22548 lazyload\" data-srcset=\"https:\/\/i0.wp.com\/elterritorialweb.com.ar\/web\/wp-content\/uploads\/2021\/05\/FRIAS-VACUNACION-3.jpg?w=720&amp;ssl=1 720w, https:\/\/i0.wp.com\/elterritorialweb.com.ar\/web\/wp-content\/uploads\/2021\/05\/FRIAS-VACUNACION-3.jpg?resize=225%2C300&amp;ssl=1 225w\" data-sizes=\"(max-width: 640px) 100vw, 640px\" src=\"data:image\/svg+xml;base64,PHN2ZyB3aWR0aD0iMSIgaGVpZ2h0PSIxIiB4bWxucz0iaHR0cDovL3d3dy53My5vcmcvMjAwMC9zdmciPjwvc3ZnPg==\" style=\"--smush-placeholder-width: 640px; --smush-placeholder-aspect-ratio: 640\/853;\" \/><\/a><\/figure>\n","protected":false},"excerpt":{"rendered":"<p>El Intendente Dr. Astor An\u00edbal Padula acompa\u00f1ado por su esposa Lic. Mar\u00eda Soledad Ram\u00edrez acompa\u00f1aron el operativo de vacunaci\u00f3n en diferentes instituciones de nuestra ciudad.<\/p>\n","protected":false},"author":2,"featured_media":22545,"comment_status":"open","ping_status":"open","sticky":false,"template":"","format":"standard","meta":{"om_disable_all_campaigns":false,"_monsterinsights_skip_tracking":false,"_monsterinsights_sitenote_active":false,"_monsterinsights_sitenote_note":"","_monsterinsights_sitenote_category":0,"_uf_show_specific_survey":0,"_uf_disable_surveys":false,"jetpack_post_was_ever_published":false,"_jetpack_newsletter_access":"","_jetpack_dont_email_post_to_subs":false,"_jetpack_newsletter_tier_id":0,"_jetpack_memberships_contains_paywalled_content":false,"_jetpack_memberships_contains_paid_content":false,"footnotes":"","jetpack_publicize_message":"","jetpack_publicize_feature_enabled":true,"jetpack_social_post_already_shared":false,"jetpack_social_options":{"image_generator_settings":{"template":"highway","default_image_id":0,"font":"","enabled":false},"version":2}},"categories":[3],"tags":[],"class_list":["post-22544","post","type-post","status-publish","format-standard","has-post-thumbnail","hentry","category-salud"],"aioseo_notices":[],"views":7,"jetpack_publicize_connections":[],"jetpack_featured_media_url":"https:\/\/i0.wp.com\/elterritorialweb.com.ar\/web\/wp-content\/uploads\/2021\/05\/FRIAS-VACUNACION-2.jpg?fit=810%2C540&ssl=1","jetpack_sharing_enabled":true,"_links":{"self":[{"href":"https:\/\/elterritorialweb.com.ar\/web\/wp-json\/wp\/v2\/posts\/22544","targetHints":{"allow":["GET"]}}],"collection":[{"href":"https:\/\/elterritorialweb.com.ar\/web\/wp-json\/wp\/v2\/posts"}],"about":[{"href":"https:\/\/elterritorialweb.com.ar\/web\/wp-json\/wp\/v2\/types\/post"}],"author":[{"embeddable":true,"href":"https:\/\/elterritorialweb.com.ar\/web\/wp-json\/wp\/v2\/users\/2"}],"replies":[{"embeddable":true,"href":"https:\/\/elterritorialweb.com.ar\/web\/wp-json\/wp\/v2\/comments?post=22544"}],"version-history":[{"count":1,"href":"https:\/\/elterritorialweb.com.ar\/web\/wp-json\/wp\/v2\/posts\/22544\/revisions"}],"predecessor-version":[{"id":22549,"href":"https:\/\/elterritorialweb.com.ar\/web\/wp-json\/wp\/v2\/posts\/22544\/revisions\/22549"}],"wp:featuredmedia":[{"embeddable":true,"href":"https:\/\/elterritorialweb.com.ar\/web\/wp-json\/wp\/v2\/media\/22545"}],"wp:attachment":[{"href":"https:\/\/elterritorialweb.com.ar\/web\/wp-json\/wp\/v2\/media?parent=22544"}],"wp:term":[{"taxonomy":"category","embeddable":true,"href":"https:\/\/elterritorialweb.com.ar\/web\/wp-json\/wp\/v2\/categories?post=22544"},{"taxonomy":"post_tag","embeddable":true,"href":"https:\/\/elterritorialweb.com.ar\/web\/wp-json\/wp\/v2\/tags?post=22544"}],"curies":[{"name":"wp","href":"https:\/\/api.w.org\/{rel}","templated":true}]}}