{"id":2255,"date":"2020-03-14T23:29:21","date_gmt":"2020-03-14T23:29:21","guid":{"rendered":"http:\/\/elterritorialweb.com.ar\/web\/?p=2255"},"modified":"2020-03-14T23:29:22","modified_gmt":"2020-03-14T23:29:22","slug":"jovenes-de-la-cgt-hicieron-una-importante-donacion-a-los-merenderos-y-comedores-de-la-banda","status":"publish","type":"post","link":"https:\/\/elterritorialweb.com.ar\/web\/jovenes-de-la-cgt-hicieron-una-importante-donacion-a-los-merenderos-y-comedores-de-la-banda\/","title":{"rendered":"J\u00d3VENES DE LA CGT HICIERON UNA IMPORTANTE DONACI\u00d3N A LOS MERENDEROS Y COMEDORES DE LA BANDA"},"content":{"rendered":"\n<p>La Juventud Sindical Peronista de la CGT y la Juventud Fraternal, conducidas por Sebasti\u00e1n Maturano, realizaron este s\u00e1bado una importante donaci\u00f3n de alimentos y \u00fatiles escolares que ser\u00e1n distribuidos a los comedores y merenderos de la ciudad de La Banda.<\/p>\n\n\n\n<p>Las donaciones fueron recibidas por el intendente Pablo Mirolo en una ceremonia en la cual tambi\u00e9n estuvieron el vicegobernador Carlos Silva Neder; el secretario general de la CGT de Santiago del Estero, Jos\u00e9 G\u00f3mez, y miembros del Departamento Ejecutivo Municipal.<\/p>\n\n\n\n<p>Sobre esta acci\u00f3n solidaria Mirolo se\u00f1al\u00f3: \u00abPara nosotros es muy importante que hayan pensado en La Banda para realizar esta acci\u00f3n solidaria m\u00e1s en estos momentos dif\u00edciles que vivimos los argentinos\u00bb.<\/p>\n\n\n\n<p>Agreg\u00f3: \u00abLo \u00fanico que puede sacar adelante el pa\u00eds es la solidaridad, la uni\u00f3n, el compromiso y esta actitud que est\u00e1n teniendo ustedes en este d\u00eda, pensando en el federalismo profundo, en los pueblos del interior y en la Argentina como pensar en el otro\u00bb.<\/p>\n\n\n\n<p>Por su parte, Maturano expres\u00f3: \u00abPara que esta acci\u00f3n solidaria fuese posible hubo muchos meses de trabajo con un solo objetivo y una premisa, que los ni\u00f1os deben ser los \u00fanicos privilegiados en la Rep\u00fablica Argentina\u00bb.<\/p>\n\n\n\n<p>\u00abHoy estamos aqu\u00ed junto a empresarios, sindicalistas, jefes de estado y otros esp\u00edritus solidarios. Este es un claro mensaje de esta generaci\u00f3n de j\u00f3venes que tiene como mensaje romper ciertos conceptos contradictorios y donde el \u00fanico bien com\u00fan es la Argentina\u00bb, concluy\u00f3 el sindicalista.<\/p>\n\n\n\n<p>En la recolecci\u00f3n de donaciones participaron 47 gremios sindicales de Buenos Aires, Posadas y otras localidades que en cada sede pudieron acopiar alimentos, ropa para ni\u00f1os y adultos, \u00fatiles escolares y elementos de primera necesidad.<\/p>\n\n\n\n<p>Los elementos ser\u00e1n repartidos a comedores y merenderos desde la Direcci\u00f3n de Nutrici\u00f3n Comunitaria, dependiente de la Secretar\u00eda de Desarrollo Humano de la Municipalidad de La Banda.<\/p>\n","protected":false},"excerpt":{"rendered":"<p>La Juventud Sindical Peronista de la CGT y la Juventud Fraternal, conducidas por Sebasti\u00e1n Maturano,&#8230;<\/p>\n","protected":false},"author":2,"featured_media":2256,"comment_status":"open","ping_status":"open","sticky":false,"template":"","format":"standard","meta":{"om_disable_all_campaigns":false,"_monsterinsights_skip_tracking":false,"_monsterinsights_sitenote_active":false,"_monsterinsights_sitenote_note":"","_monsterinsights_sitenote_category":0,"_uf_show_specific_survey":0,"_uf_disable_surveys":false,"jetpack_post_was_ever_published":false,"_jetpack_newsletter_access":"","_jetpack_dont_email_post_to_subs":false,"_jetpack_newsletter_tier_id":0,"_jetpack_memberships_contains_paywalled_content":false,"_jetpack_memberships_contains_paid_content":false,"footnotes":"","jetpack_publicize_message":"","jetpack_publicize_feature_enabled":true,"jetpack_social_post_already_shared":false,"jetpack_social_options":{"image_generator_settings":{"template":"highway","default_image_id":0,"font":"","enabled":false},"version":2}},"categories":[21],"tags":[],"class_list":["post-2255","post","type-post","status-publish","format-standard","has-post-thumbnail","hentry","category-locales"],"aioseo_notices":[],"views":7,"jetpack_publicize_connections":[],"jetpack_featured_media_url":"https:\/\/i0.wp.com\/elterritorialweb.com.ar\/web\/wp-content\/uploads\/2020\/03\/DONACION.jpg?fit=1030%2C681&ssl=1","jetpack_sharing_enabled":true,"_links":{"self":[{"href":"https:\/\/elterritorialweb.com.ar\/web\/wp-json\/wp\/v2\/posts\/2255","targetHints":{"allow":["GET"]}}],"collection":[{"href":"https:\/\/elterritorialweb.com.ar\/web\/wp-json\/wp\/v2\/posts"}],"about":[{"href":"https:\/\/elterritorialweb.com.ar\/web\/wp-json\/wp\/v2\/types\/post"}],"author":[{"embeddable":true,"href":"https:\/\/elterritorialweb.com.ar\/web\/wp-json\/wp\/v2\/users\/2"}],"replies":[{"embeddable":true,"href":"https:\/\/elterritorialweb.com.ar\/web\/wp-json\/wp\/v2\/comments?post=2255"}],"version-history":[{"count":1,"href":"https:\/\/elterritorialweb.com.ar\/web\/wp-json\/wp\/v2\/posts\/2255\/revisions"}],"predecessor-version":[{"id":2257,"href":"https:\/\/elterritorialweb.com.ar\/web\/wp-json\/wp\/v2\/posts\/2255\/revisions\/2257"}],"wp:featuredmedia":[{"embeddable":true,"href":"https:\/\/elterritorialweb.com.ar\/web\/wp-json\/wp\/v2\/media\/2256"}],"wp:attachment":[{"href":"https:\/\/elterritorialweb.com.ar\/web\/wp-json\/wp\/v2\/media?parent=2255"}],"wp:term":[{"taxonomy":"category","embeddable":true,"href":"https:\/\/elterritorialweb.com.ar\/web\/wp-json\/wp\/v2\/categories?post=2255"},{"taxonomy":"post_tag","embeddable":true,"href":"https:\/\/elterritorialweb.com.ar\/web\/wp-json\/wp\/v2\/tags?post=2255"}],"curies":[{"name":"wp","href":"https:\/\/api.w.org\/{rel}","templated":true}]}}