{"id":22556,"date":"2021-05-30T22:38:39","date_gmt":"2021-05-30T22:38:39","guid":{"rendered":"http:\/\/elterritorialweb.com.ar\/web\/?p=22556"},"modified":"2021-05-30T22:57:56","modified_gmt":"2021-05-30T22:57:56","slug":"messi-siempre-es-una-ilusion-es-una-competencia-especial-con-la-seleccion","status":"publish","type":"post","link":"https:\/\/elterritorialweb.com.ar\/web\/messi-siempre-es-una-ilusion-es-una-competencia-especial-con-la-seleccion\/","title":{"rendered":"MESSI: \u00abSIEMPRE ES UNA ILUSI\u00d3N, ES UNA COMPETENCIA ESPECIAL CON LA SELECCI\u00d3N\u00bb"},"content":{"rendered":"\n<p><strong>Lionel Messi habl\u00f3<\/strong>\u00a0con la prensa oficial de la\u00a0<strong>Selecci\u00f3n Argentina<\/strong>\u00a0y<strong>\u00a0se mostr\u00f3 feliz e ilusionado con la Copa Am\u00e9rica<\/strong>\u00a0que arrancar\u00e1 el pr\u00f3ximo 11 de junio. Adem\u00e1s,\u00a0<strong>se refiri\u00f3 a los encuentros por Eliminatorias que la Albiceleste jugar\u00e1 ante Chile y Colombia<\/strong>, el 3 y 8 de junio respectivamente,\u00a0<strong>cont\u00f3 c\u00f3mo es el d\u00eda a d\u00eda con la compleja situaci\u00f3n sanitaria que atraviesa Argentina.<\/strong><\/p>\n\n\n\n<p><em>\u00ab<strong>Muy ilusionado, con muchas ganas de intentar hacer las cosas bien. Creo que la \u00faltima Copa Am\u00e9rica dejamos una buena imagen, pero nosotros no nos podemos quedar con eso y queremos seguir creciendo.&nbsp;<\/strong>Los \u00faltimos partidos de Eliminatorias fueron buenos tambi\u00e9n. Lamentablemente, pas\u00f3 mucho tiempo desde ese partido y no pudimos volver a juntarnos, pero intentaremos retomar eso lo m\u00e1s r\u00e1pido posible y seguir creciendo\u00bb<\/em>, asegur\u00f3 Messi, quien intentar\u00e1 lograr su primer t\u00edtulo con la selecci\u00f3n mayor.<\/p>\n\n\n\n<p>Y expres\u00f3:\u00a0<em><strong>\u00abSiempre es una ilusi\u00f3n, es una competici\u00f3n especial con la Selecci\u00f3n. Sea cual sea, siempre queremos ganar, siempre es el objetivo. Los chicos est\u00e1n con much\u00edsimas ganas, lo m\u00e1s grandes tambi\u00e9n, con las mismas o m\u00e1s. Se gener\u00f3 algo muy lindo, hay un grupo muy unido con una base muy grande que ya viene trabajando desde la etapa que arranc\u00f3 (Lionel) Scaloni, con chicos que se incorporan tambi\u00e9n. Estamos haciendo un grupo muy bueno y eso es lo importante, hacer un grupo muy fuerte para los desaf\u00edos que se nos vienen\u00bb.<\/strong><\/em><\/p>\n\n\n\n<h4 class=\"wp-block-heading\"><strong>MESSI Y SU OPINI\u00d3N SOBRE LOS ENCUENTROS POR ELIMINATORIAS QUE SE LE VIENEN A LA SELECCI\u00d3N ARGENTINA<\/strong><\/h4>\n\n\n\n<p><em>\u00ab<strong>Muy duros, como son todos los partidos de Eliminatorias. Chile es una grand\u00edsima selecci\u00f3n, que tiene muy buenos jugadores.<\/strong>&nbsp;Si bien est\u00e1 con t\u00e9cnico nuevo y no tuvo muchos partidos, tiene una base de jugadores de experiencia con chicos nuevos que tambi\u00e9n se incorporaron, igual que nosotros. Hubo un recambio, as\u00ed que es una selecci\u00f3n en crecimiento, en preparaci\u00f3n y muy competitiva\u00bb<\/em>, dijo el capit\u00e1n argentino.<\/p>\n\n\n\n<p>Vale recordar que<strong>&nbsp;la Selecci\u00f3n Argentina enfrentar\u00e1 a Chile como local el 3 de junio y cinco d\u00edas despu\u00e9s visitar\u00e1 a Colombia<\/strong>&nbsp;en los encuentros correspondientes a las s\u00e9ptima y octava fecha del certamen de clasificaci\u00f3n para el Mundial de Qatar 2022. Por ahora,<strong>&nbsp;la Albiceleste marcha segunda con 10 puntos en la tabla de posiciones, por detr\u00e1s de Brasil que tiene 12.<\/strong><\/p>\n\n\n\n<h4 class=\"wp-block-heading\">LA ALEGR\u00cdA DE MESSI POR VOLVER A JUGAR CON LA SELECCI\u00d3N ARGENTINA Y EL COMPLEJO MOMENTO SANITARIO DEL PA\u00cdS<\/h4>\n\n\n\n<p><em>\u00ab<strong>Contento de estar otra vez ac\u00e1 con todos los chicos. Es una situaci\u00f3n rara, diferente por lo que nos toca vivir. Tampoco podemos hacer convivencia normal<\/strong>, pero de a poquito nos vamos juntando, vamos pudiendo trabajar e ir preparando los dos partidos de Eliminatorias que son dificil\u00edsimos\u00bb<\/em>, manifest\u00f3 Leo.<\/p>\n\n\n\n<p>Y, con respecto a los cuidados que toman por la pandemia de Covid-19, cont\u00f3:\u00a0<em>\u00abIntentamos tomar todas las recomendaciones que nos dicen.\u00a0<strong>Las \u00faltimas Eliminatorias que tuvimos ya fue un poco parecido a esta. Esta quiz\u00e1s se agrav\u00f3 un poco m\u00e1s por la situaci\u00f3n el pa\u00eds que lamentablemente es peor, la estamos pasando mal, muchos contagiados<\/strong>\u00ab.<\/em><\/p>\n\n\n\n<figure class=\"wp-block-embed is-type-video is-provider-youtube wp-block-embed-youtube wp-embed-aspect-16-9 wp-has-aspect-ratio\"><div class=\"wp-block-embed__wrapper\">\n<iframe title=\"#Selecci\u00f3nMayor Palabras de nuestro capit\u00e1n, Lionel Messi, de cara a los pr\u00f3ximos desaf\u00edos.\" width=\"640\" height=\"360\" data-src=\"https:\/\/www.youtube.com\/embed\/zyk5g7G_pKs?feature=oembed\" frameborder=\"0\" allow=\"accelerometer; autoplay; clipboard-write; encrypted-media; gyroscope; picture-in-picture; web-share\" referrerpolicy=\"strict-origin-when-cross-origin\" allowfullscreen src=\"data:image\/svg+xml;base64,PHN2ZyB3aWR0aD0iMSIgaGVpZ2h0PSIxIiB4bWxucz0iaHR0cDovL3d3dy53My5vcmcvMjAwMC9zdmciPjwvc3ZnPg==\" class=\"lazyload\" data-load-mode=\"1\"><\/iframe>\n<\/div><\/figure>\n","protected":false},"excerpt":{"rendered":"<p>El capit\u00e1n argentino se mostr\u00f3 feliz de volver a vestir la camiseta albiceleste y se refiri\u00f3 a los compromisos que tendr\u00e1 la Albiceleste en los pr\u00f3ximos d\u00edas.<\/p>\n","protected":false},"author":2,"featured_media":22557,"comment_status":"open","ping_status":"open","sticky":false,"template":"","format":"standard","meta":{"om_disable_all_campaigns":false,"_monsterinsights_skip_tracking":false,"_monsterinsights_sitenote_active":false,"_monsterinsights_sitenote_note":"","_monsterinsights_sitenote_category":0,"_uf_show_specific_survey":0,"_uf_disable_surveys":false,"jetpack_post_was_ever_published":false,"_jetpack_newsletter_access":"","_jetpack_dont_email_post_to_subs":false,"_jetpack_newsletter_tier_id":0,"_jetpack_memberships_contains_paywalled_content":false,"_jetpack_memberships_contains_paid_content":false,"footnotes":"","jetpack_publicize_message":"","jetpack_publicize_feature_enabled":true,"jetpack_social_post_already_shared":false,"jetpack_social_options":{"image_generator_settings":{"template":"highway","default_image_id":0,"font":"","enabled":false},"version":2}},"categories":[6],"tags":[],"class_list":["post-22556","post","type-post","status-publish","format-standard","has-post-thumbnail","hentry","category-deportes"],"aioseo_notices":[],"views":5,"jetpack_publicize_connections":[],"jetpack_featured_media_url":"https:\/\/i0.wp.com\/elterritorialweb.com.ar\/web\/wp-content\/uploads\/2021\/05\/MESSI.jpg?fit=862%2C485&ssl=1","jetpack_sharing_enabled":true,"_links":{"self":[{"href":"https:\/\/elterritorialweb.com.ar\/web\/wp-json\/wp\/v2\/posts\/22556","targetHints":{"allow":["GET"]}}],"collection":[{"href":"https:\/\/elterritorialweb.com.ar\/web\/wp-json\/wp\/v2\/posts"}],"about":[{"href":"https:\/\/elterritorialweb.com.ar\/web\/wp-json\/wp\/v2\/types\/post"}],"author":[{"embeddable":true,"href":"https:\/\/elterritorialweb.com.ar\/web\/wp-json\/wp\/v2\/users\/2"}],"replies":[{"embeddable":true,"href":"https:\/\/elterritorialweb.com.ar\/web\/wp-json\/wp\/v2\/comments?post=22556"}],"version-history":[{"count":1,"href":"https:\/\/elterritorialweb.com.ar\/web\/wp-json\/wp\/v2\/posts\/22556\/revisions"}],"predecessor-version":[{"id":22558,"href":"https:\/\/elterritorialweb.com.ar\/web\/wp-json\/wp\/v2\/posts\/22556\/revisions\/22558"}],"wp:featuredmedia":[{"embeddable":true,"href":"https:\/\/elterritorialweb.com.ar\/web\/wp-json\/wp\/v2\/media\/22557"}],"wp:attachment":[{"href":"https:\/\/elterritorialweb.com.ar\/web\/wp-json\/wp\/v2\/media?parent=22556"}],"wp:term":[{"taxonomy":"category","embeddable":true,"href":"https:\/\/elterritorialweb.com.ar\/web\/wp-json\/wp\/v2\/categories?post=22556"},{"taxonomy":"post_tag","embeddable":true,"href":"https:\/\/elterritorialweb.com.ar\/web\/wp-json\/wp\/v2\/tags?post=22556"}],"curies":[{"name":"wp","href":"https:\/\/api.w.org\/{rel}","templated":true}]}}