{"id":22565,"date":"2021-05-30T23:43:45","date_gmt":"2021-05-30T23:43:45","guid":{"rendered":"http:\/\/elterritorialweb.com.ar\/web\/?p=22565"},"modified":"2021-05-30T23:53:07","modified_gmt":"2021-05-30T23:53:07","slug":"por-el-crecimiento-de-contagios-aislan-las-localidades-de-pampa-de-los-guanacos-rapelli-y-el-49","status":"publish","type":"post","link":"https:\/\/elterritorialweb.com.ar\/web\/por-el-crecimiento-de-contagios-aislan-las-localidades-de-pampa-de-los-guanacos-rapelli-y-el-49\/","title":{"rendered":"POR EL CRECIMIENTO DE CONTAGIOS, AISLAN LAS LOCALIDADES DE PAMPA DE LOS GUANACOS, RAPELLI Y EL 49"},"content":{"rendered":"\n<p>En la jornada de este domingo, el gobernador Zamora confirm\u00f3 a trav\u00e9s de sus redes sociales, el aislamiento de estas localidades.<\/p>\n\n\n\n<p><em>\u00abDe acuerdo a los \u00faltimos resultados epidemiol\u00f3gicos, que se vienen produciendo en ciertas localidades del interior provincial, y a fin de evitar mayor propagaci\u00f3n del Covid 19, hemos decidido aislar las localidades de Pampa de Los Guanacos , Rapelli y El 49, para lo cual est\u00e1 noche se realizar\u00e1 el desplazamiento de efectivos policiales, para colaborar con los controles preventivos y el sistema de salud, que desarrollar\u00e1n una intensa tarea all\u00ed, durante los pr\u00f3ximos d\u00edas\u00bb.<\/em><\/p>\n\n\n\n<p><em>\u00abPedimos la comprensi\u00f3n y colaboraci\u00f3n de esas comunidades, a los fines de poder detener lo m\u00e1s r\u00e1pidamente posible la propagaci\u00f3n del virus, y con ello la medida tomada; la que empezar\u00e1 a regir a partir de las 6 hs de este lunes 31 de Mayo, y que durar\u00eda en principio, hasta las 24 hs del Domingo 6 de Junio)Es importante destacar, que la personas que se encuentran con resultado de laboratorio como positivos de Covid, junto con los sospechosos por haber tenido contacto estrecho alg\u00fan positivo y aquellos con s\u00edntomas compatibles con el coronavirus, deben mantener aislamiento obligatorio en sus domicilios. El incumplimiento de esa medida preventiva, constituye un grave delito previsto en el C\u00f3digo Penal\u00bb.<\/em><\/p>\n\n\n\n<iframe data-src=\"https:\/\/www.facebook.com\/plugins\/post.php?href=https%3A%2F%2Fwww.facebook.com%2FzamoraSDE%2Fposts%2F3864403830346176&#038;show_text=true&#038;width=500\" width=\"500\" height=\"289\" style=\"border:none;overflow:hidden\" scrolling=\"no\" frameborder=\"0\" allowfullscreen=\"true\" allow=\"autoplay; clipboard-write; encrypted-media; picture-in-picture; web-share\" src=\"data:image\/svg+xml;base64,PHN2ZyB3aWR0aD0iMSIgaGVpZ2h0PSIxIiB4bWxucz0iaHR0cDovL3d3dy53My5vcmcvMjAwMC9zdmciPjwvc3ZnPg==\" class=\"lazyload\" data-load-mode=\"1\"><\/iframe>\n","protected":false},"excerpt":{"rendered":"<p>La decisi\u00f3n fue tomada por el alto n\u00famero de contagios en los \u00faltimos resultados del reporte diario de Salud. <\/p>\n","protected":false},"author":2,"featured_media":20042,"comment_status":"open","ping_status":"open","sticky":false,"template":"","format":"standard","meta":{"om_disable_all_campaigns":false,"_monsterinsights_skip_tracking":false,"_monsterinsights_sitenote_active":false,"_monsterinsights_sitenote_note":"","_monsterinsights_sitenote_category":0,"_uf_show_specific_survey":0,"_uf_disable_surveys":false,"jetpack_post_was_ever_published":false,"_jetpack_newsletter_access":"","_jetpack_dont_email_post_to_subs":false,"_jetpack_newsletter_tier_id":0,"_jetpack_memberships_contains_paywalled_content":false,"_jetpack_memberships_contains_paid_content":false,"footnotes":"","jetpack_publicize_message":"","jetpack_publicize_feature_enabled":true,"jetpack_social_post_already_shared":false,"jetpack_social_options":{"image_generator_settings":{"template":"highway","default_image_id":0,"font":"","enabled":false},"version":2}},"categories":[3],"tags":[],"class_list":["post-22565","post","type-post","status-publish","format-standard","has-post-thumbnail","hentry","category-salud"],"aioseo_notices":[],"views":13,"jetpack_publicize_connections":[],"jetpack_featured_media_url":"https:\/\/i0.wp.com\/elterritorialweb.com.ar\/web\/wp-content\/uploads\/2021\/04\/POLICIA-DE-LA-PROVINCIA-e1618105442604.jpg?fit=843%2C537&ssl=1","jetpack_sharing_enabled":true,"_links":{"self":[{"href":"https:\/\/elterritorialweb.com.ar\/web\/wp-json\/wp\/v2\/posts\/22565","targetHints":{"allow":["GET"]}}],"collection":[{"href":"https:\/\/elterritorialweb.com.ar\/web\/wp-json\/wp\/v2\/posts"}],"about":[{"href":"https:\/\/elterritorialweb.com.ar\/web\/wp-json\/wp\/v2\/types\/post"}],"author":[{"embeddable":true,"href":"https:\/\/elterritorialweb.com.ar\/web\/wp-json\/wp\/v2\/users\/2"}],"replies":[{"embeddable":true,"href":"https:\/\/elterritorialweb.com.ar\/web\/wp-json\/wp\/v2\/comments?post=22565"}],"version-history":[{"count":2,"href":"https:\/\/elterritorialweb.com.ar\/web\/wp-json\/wp\/v2\/posts\/22565\/revisions"}],"predecessor-version":[{"id":22567,"href":"https:\/\/elterritorialweb.com.ar\/web\/wp-json\/wp\/v2\/posts\/22565\/revisions\/22567"}],"wp:featuredmedia":[{"embeddable":true,"href":"https:\/\/elterritorialweb.com.ar\/web\/wp-json\/wp\/v2\/media\/20042"}],"wp:attachment":[{"href":"https:\/\/elterritorialweb.com.ar\/web\/wp-json\/wp\/v2\/media?parent=22565"}],"wp:term":[{"taxonomy":"category","embeddable":true,"href":"https:\/\/elterritorialweb.com.ar\/web\/wp-json\/wp\/v2\/categories?post=22565"},{"taxonomy":"post_tag","embeddable":true,"href":"https:\/\/elterritorialweb.com.ar\/web\/wp-json\/wp\/v2\/tags?post=22565"}],"curies":[{"name":"wp","href":"https:\/\/api.w.org\/{rel}","templated":true}]}}