{"id":22579,"date":"2021-05-31T02:04:34","date_gmt":"2021-05-31T02:04:34","guid":{"rendered":"http:\/\/elterritorialweb.com.ar\/web\/?p=22579"},"modified":"2021-06-01T18:33:36","modified_gmt":"2021-06-01T18:33:36","slug":"coronavirus-en-santiago-se-confirmaron-386-casos-positivos-en-la-provincia","status":"publish","type":"post","link":"https:\/\/elterritorialweb.com.ar\/web\/coronavirus-en-santiago-se-confirmaron-386-casos-positivos-en-la-provincia\/","title":{"rendered":"CORONAVIRUS EN SANTIAGO: SE CONFIRMARON 386 CASOS POSITIVOS EN LA PROVINCIA"},"content":{"rendered":"\n<p>Se recuperaron ciento ochenta y cinco (185) casos el d\u00eda de hoy, por lo que son treinta y un mil doscientos veintitr\u00e9s (31.223) los casos recuperados en la provincia.<\/p>\n\n\n\n<p><strong>Se notificaron el d\u00eda de hoy diecisiete (17) personas fallecidas con diagn\u00f3stico de COVID-19. Una mujer de 73 a\u00f1os que estaba internada en un sanatorio privado de R\u00edo Hondo, un hombre de 55 a\u00f1os que estaba internado en el CIS Termas y un hombre de 91 a\u00f1os de Capital. Una mujer de 56 a\u00f1os y un hombre de 72 a\u00f1os, con antecedentes de cardiopat\u00eda, ambos internados en el CISB. Una mujer de 24 a\u00f1os con antecedentes de obesidad m\u00f3rbida y una mujer de 58 a\u00f1os, ambas internadas en el Hospital Independencia. Un hombre de 44 a\u00f1os con obesidad que estaba internado en el Hospital Neumonol\u00f3gico. Una mujer de 84 a\u00f1os de Dpto. Belgrano que estaba internado en una cl\u00ednica privada. Una mujer de 64 a\u00f1os del Dpto. Avellaneda que estaba internada en un sanatorio privado. Una mujer de 95 a\u00f1os del Dpto. Choya internada en una cl\u00ednica privada. Un hombre de 66 a\u00f1os con antecedentes de hipertensi\u00f3n arterial de depto. Banda y una mujer de 79 a\u00f1os del Dpto. Figueroa, que estaba internada en un sanatorio privado de la ciudad Capital. Un hombre de 60 a\u00f1os con antecedentes de diabetes, hipertensi\u00f3n y tabaquismo del Dpto. Robles que estaba internado en una cl\u00ednica privada de la Capital. Un hombre de 74 a\u00f1os, con antecedentes de tabaquismo y un hombre de 38 a\u00f1os, ambos internados en un sanatorio privado de la ciudad Capital. Una mujer de 42 a\u00f1os con antecedentes de resistencia a la Insulina internada en un sanatorio privado de la ciudad Capital.<\/strong> <\/p>\n\n\n\n<p><strong>Hay un total de cuatrocientos noventa y tres (493) personas positivas fallecidas en la provincia.<\/strong><\/p>\n\n\n\n<p>Se procesaron un total de novecientos setenta y un (971) muestras el d\u00eda de hoy. <\/p>\n\n\n\n<p><strong>Se confirmaron trescientos ochenta y seis (386) casos, Capital Banda (207) e interior de la provincia (179) distribuidos de la siguiente manera: Abra Grande 1; A\u00f1atuya 1; Arraga 1; Bandera 11; Beltran 1; Choya 2; Clodomira 1; Colonia Tinco 4; Colonia El Simbolar 18; El Arenal 5; El Bobadal 4; El Porvenir 3; Fernandez 3; Forres 4; Frias 25; Km 49 1; Las Tinajas 1; Laprida 1; Lavalle 2; Loreto 2; Loma de Yeso 1; Loma del Medio 1; Los Acosta 1; Nueva Esperanza 3; Nueva Francia 1; Pozuelos 2; Quimili 4; Rubia Moreno 1; San Pablo 1; Sumampa 2; Termas 59; Tintina 3; Tusca Pozo 1; Vilelas 3; Villa Guasayan 1; Villa Ojo de Agua 1; Villa Salavina 2; Vinara 1.<\/strong><\/p>\n\n\n\n<p>Permanecen activos trece mil doscientos cuarenta y nueve (13.249) casos en la provincia. <\/p>\n\n\n\n<p>El total de casos positivos acumulados es de cuarenta y cuatro mil quinientos setenta y dos (44.572).<\/p>\n\n\n\n<p>Se descartaron quinientos ochenta y cinco (585) casos el d\u00eda de hoy, por lo que hay ciento cuarenta y dos mil cuatrocientos treinta y nueve (142.439) casos descartados a la fecha. <\/p>\n\n\n\n<p><strong>Importante: <\/strong>La diferencia de casos acumulados, y difundidos en el reporte nacional, obedece a diferentes horarios de carga y a santiague\u00f1os que residen en otras provincias pero que no tienen realizado el cambio de domicilio legal en su DNI. Se ha solicitado el correspondiente pedido de reclasificaci\u00f3n de los casos excedentes cargados para nuestra provincia.<\/p>\n\n\n\n<p><strong>RECOMENDACIONES<\/strong><\/p>\n\n\n\n<p>Se recuerda que TODAS las personas que son contacto estrecho de casos positivos que DEBEN realizar un AISLAMIENTO SANITARIO OBLIGATORIO de 14 d\u00edas, aunque no presenten s\u00edntomas e independientemente si fueron hisopados y su resultado fue no detectable (negativo). <\/p>\n\n\n\n<p>Durante el aislamiento sanitario las personas no pueden salir de su hogar ni recibir visitas y deben cumplir con las medidas de prevenci\u00f3n indicadas por las autoridades sanitarias. <\/p>\n\n\n\n<p>Ante la presencia de fiebre mayor o igual a 37,5\u00b0 y s\u00edntomas respiratorios como tos, dolor de garganta, dificultad para respirar, adem\u00e1s de falta de gusto y olfato de reciente aparici\u00f3n, y tambi\u00e9n cefalea, diarrea y\/o v\u00f3mitos o al haber estado en contacto con un caso confirmado, se insta a la poblaci\u00f3n a que haga un contacto de inmediato con el sistema de salud contact\u00e1ndose con su centro de salud m\u00e1s cercano o comunic\u00e1ndose al 107 y evite el contacto social <\/p>\n\n\n\n<p>Tambi\u00e9n se recuerda que se realiza el hisopado a los contactos estrechos de casos positivos que presenten s\u00edntomas o que tengan factores de riesgo (mayores de 60 a\u00f1os, embarazadas, inmunocomprometidos, enfermos oncol\u00f3gicos o dializados).<\/p>\n\n\n\n<p>Recordemos continuar respetando las medidas de distancia f\u00edsica y lavarnos frecuentemente las manos con agua y jab\u00f3n. Si necesitamos salir usemos el barbijo correctamente sin tocarlo ni tocarnos la cara. <\/p>\n\n\n\n<p>Respetar todos los protocolos vigentes y las actividades permitidas, y no realizar reuniones sociales o familiares evitando contacto estrecho con personas que no sean convivientes.<\/p>\n","protected":false},"excerpt":{"rendered":"<p>INFORME DEL MINISTERIO DE SALUD DE LA PROVINCIA DE SANTIAGO DEL ESTERO<\/p>\n","protected":false},"author":2,"featured_media":22580,"comment_status":"open","ping_status":"open","sticky":false,"template":"","format":"standard","meta":{"om_disable_all_campaigns":false,"_monsterinsights_skip_tracking":false,"_monsterinsights_sitenote_active":false,"_monsterinsights_sitenote_note":"","_monsterinsights_sitenote_category":0,"_uf_show_specific_survey":0,"_uf_disable_surveys":false,"jetpack_post_was_ever_published":false,"_jetpack_newsletter_access":"","_jetpack_dont_email_post_to_subs":false,"_jetpack_newsletter_tier_id":0,"_jetpack_memberships_contains_paywalled_content":false,"_jetpack_memberships_contains_paid_content":false,"footnotes":"","jetpack_publicize_message":"","jetpack_publicize_feature_enabled":true,"jetpack_social_post_already_shared":false,"jetpack_social_options":{"image_generator_settings":{"template":"highway","default_image_id":0,"font":"","enabled":false},"version":2}},"categories":[3],"tags":[],"class_list":["post-22579","post","type-post","status-publish","format-standard","has-post-thumbnail","hentry","category-salud"],"aioseo_notices":[],"views":3,"jetpack_publicize_connections":[],"jetpack_featured_media_url":"https:\/\/i0.wp.com\/elterritorialweb.com.ar\/web\/wp-content\/uploads\/2021\/05\/REPORTE-DIARIO-30-DE-MAYO.jpg?fit=810%2C540&ssl=1","jetpack_sharing_enabled":true,"_links":{"self":[{"href":"https:\/\/elterritorialweb.com.ar\/web\/wp-json\/wp\/v2\/posts\/22579","targetHints":{"allow":["GET"]}}],"collection":[{"href":"https:\/\/elterritorialweb.com.ar\/web\/wp-json\/wp\/v2\/posts"}],"about":[{"href":"https:\/\/elterritorialweb.com.ar\/web\/wp-json\/wp\/v2\/types\/post"}],"author":[{"embeddable":true,"href":"https:\/\/elterritorialweb.com.ar\/web\/wp-json\/wp\/v2\/users\/2"}],"replies":[{"embeddable":true,"href":"https:\/\/elterritorialweb.com.ar\/web\/wp-json\/wp\/v2\/comments?post=22579"}],"version-history":[{"count":2,"href":"https:\/\/elterritorialweb.com.ar\/web\/wp-json\/wp\/v2\/posts\/22579\/revisions"}],"predecessor-version":[{"id":22583,"href":"https:\/\/elterritorialweb.com.ar\/web\/wp-json\/wp\/v2\/posts\/22579\/revisions\/22583"}],"wp:featuredmedia":[{"embeddable":true,"href":"https:\/\/elterritorialweb.com.ar\/web\/wp-json\/wp\/v2\/media\/22580"}],"wp:attachment":[{"href":"https:\/\/elterritorialweb.com.ar\/web\/wp-json\/wp\/v2\/media?parent=22579"}],"wp:term":[{"taxonomy":"category","embeddable":true,"href":"https:\/\/elterritorialweb.com.ar\/web\/wp-json\/wp\/v2\/categories?post=22579"},{"taxonomy":"post_tag","embeddable":true,"href":"https:\/\/elterritorialweb.com.ar\/web\/wp-json\/wp\/v2\/tags?post=22579"}],"curies":[{"name":"wp","href":"https:\/\/api.w.org\/{rel}","templated":true}]}}