{"id":22584,"date":"2021-05-31T02:12:42","date_gmt":"2021-05-31T02:12:42","guid":{"rendered":"http:\/\/elterritorialweb.com.ar\/web\/?p=22584"},"modified":"2021-05-31T02:44:30","modified_gmt":"2021-05-31T02:44:30","slug":"la-copa-america-no-se-jugara-en-la-argentina","status":"publish","type":"post","link":"https:\/\/elterritorialweb.com.ar\/web\/la-copa-america-no-se-jugara-en-la-argentina\/","title":{"rendered":"LA COPA AM\u00c9RICA NO SE JUGAR\u00c1 EN LA ARGENTINA"},"content":{"rendered":"\n<p>\u201cLa Conmebol informa que en atenci\u00f3n a las circunstancias presentes, ha resuelto\u00a0<strong>suspender la organizaci\u00f3n de la Copa Am\u00e9rica en Argentina<\/strong>. La Conmebol analiza la oferta de otros pa\u00edses que mostraron inter\u00e9s en albergar el torneo continental\u201d, se\u00f1alaron por medio de su cuenta de Twitter y agregaron: \u201cEn la brevedad se anunciar\u00e1n novedades en este sentido\u201d.<\/p>\n\n\n\n<figure class=\"wp-block-embed is-type-rich is-provider-twitter wp-block-embed-twitter\"><div class=\"wp-block-embed__wrapper\">\n<blockquote class=\"twitter-tweet\" data-width=\"550\" data-dnt=\"true\"><p lang=\"es\" dir=\"ltr\">La CONMEBOL informa que en atenci\u00f3n a las circunstancias presentes ha resuelto suspender la organizaci\u00f3n de la Copa Am\u00e9rica en Argentina. La CONMEBOL analiza la oferta de otros pa\u00edses que mostraron inter\u00e9s en albergar el torneo continental.<\/p>&mdash; CONMEBOL.com (@CONMEBOL) <a href=\"https:\/\/twitter.com\/CONMEBOL\/status\/1399180028915720195?ref_src=twsrc%5Etfw\">May 31, 2021<\/a><\/blockquote><script async src=\"https:\/\/platform.twitter.com\/widgets.js\" charset=\"utf-8\"><\/script>\n<\/div><\/figure>\n\n\n\n<p>Una vez ca\u00eddas entonces las sedes de Argentina y Colombia, que iban a compartir la organizaci\u00f3n del certamen ya en junio del a\u00f1o pasado, cuando el torneo fue suspendido tambi\u00e9n por la pandemia de coronavirus, surgieron en las \u00faltimas horas Chile y los Estados Unidos ofreci\u00e9ndose para tomar la posta, con el agregado de que adem\u00e1s pod\u00edan garantizar la presencia de p\u00fablico en los estadios.<\/p>\n","protected":false},"excerpt":{"rendered":"<p>A dos semanas del inicio de la Copa Am\u00e9rica, la Conmebol anunci\u00f3 que la competencia no se desarrollar\u00e1 en la Argentina y que por estas horas est\u00e1n analizando posibles sedes para reemplazar a nuestro pa\u00eds.<\/p>\n","protected":false},"author":2,"featured_media":7234,"comment_status":"open","ping_status":"open","sticky":false,"template":"","format":"standard","meta":{"om_disable_all_campaigns":false,"_monsterinsights_skip_tracking":false,"_monsterinsights_sitenote_active":false,"_monsterinsights_sitenote_note":"","_monsterinsights_sitenote_category":0,"_uf_show_specific_survey":0,"_uf_disable_surveys":false,"jetpack_post_was_ever_published":false,"_jetpack_newsletter_access":"","_jetpack_dont_email_post_to_subs":false,"_jetpack_newsletter_tier_id":0,"_jetpack_memberships_contains_paywalled_content":false,"_jetpack_memberships_contains_paid_content":false,"footnotes":"","jetpack_publicize_message":"","jetpack_publicize_feature_enabled":true,"jetpack_social_post_already_shared":false,"jetpack_social_options":{"image_generator_settings":{"template":"highway","default_image_id":0,"font":"","enabled":false},"version":2}},"categories":[6],"tags":[],"class_list":["post-22584","post","type-post","status-publish","format-standard","has-post-thumbnail","hentry","category-deportes"],"aioseo_notices":[],"views":6,"jetpack_publicize_connections":[],"jetpack_featured_media_url":"https:\/\/i0.wp.com\/elterritorialweb.com.ar\/web\/wp-content\/uploads\/2020\/07\/CONMEBOL.jpg?fit=750%2C485&ssl=1","jetpack_sharing_enabled":true,"_links":{"self":[{"href":"https:\/\/elterritorialweb.com.ar\/web\/wp-json\/wp\/v2\/posts\/22584","targetHints":{"allow":["GET"]}}],"collection":[{"href":"https:\/\/elterritorialweb.com.ar\/web\/wp-json\/wp\/v2\/posts"}],"about":[{"href":"https:\/\/elterritorialweb.com.ar\/web\/wp-json\/wp\/v2\/types\/post"}],"author":[{"embeddable":true,"href":"https:\/\/elterritorialweb.com.ar\/web\/wp-json\/wp\/v2\/users\/2"}],"replies":[{"embeddable":true,"href":"https:\/\/elterritorialweb.com.ar\/web\/wp-json\/wp\/v2\/comments?post=22584"}],"version-history":[{"count":3,"href":"https:\/\/elterritorialweb.com.ar\/web\/wp-json\/wp\/v2\/posts\/22584\/revisions"}],"predecessor-version":[{"id":22589,"href":"https:\/\/elterritorialweb.com.ar\/web\/wp-json\/wp\/v2\/posts\/22584\/revisions\/22589"}],"wp:featuredmedia":[{"embeddable":true,"href":"https:\/\/elterritorialweb.com.ar\/web\/wp-json\/wp\/v2\/media\/7234"}],"wp:attachment":[{"href":"https:\/\/elterritorialweb.com.ar\/web\/wp-json\/wp\/v2\/media?parent=22584"}],"wp:term":[{"taxonomy":"category","embeddable":true,"href":"https:\/\/elterritorialweb.com.ar\/web\/wp-json\/wp\/v2\/categories?post=22584"},{"taxonomy":"post_tag","embeddable":true,"href":"https:\/\/elterritorialweb.com.ar\/web\/wp-json\/wp\/v2\/tags?post=22584"}],"curies":[{"name":"wp","href":"https:\/\/api.w.org\/{rel}","templated":true}]}}