{"id":22590,"date":"2021-05-31T03:29:19","date_gmt":"2021-05-31T03:29:19","guid":{"rendered":"http:\/\/elterritorialweb.com.ar\/web\/?p=22590"},"modified":"2021-05-31T03:35:32","modified_gmt":"2021-05-31T03:35:32","slug":"semifinales-de-la-liga-profesional-racing-boca-e-independiente-colon-en-san-juan","status":"publish","type":"post","link":"https:\/\/elterritorialweb.com.ar\/web\/semifinales-de-la-liga-profesional-racing-boca-e-independiente-colon-en-san-juan\/","title":{"rendered":"SEMIFINALES DE LA LIGA PROFESIONAL: RACING-BOCA E INDEPENDIENTE-COLON EN SAN JUAN"},"content":{"rendered":"\n<p>Luego del&nbsp;breve parate por las restricciones que dict\u00f3 el gobierno naciona<a rel=\"noreferrer noopener\" href=\"https:\/\/tn.com.ar\/deportes\/esencial\/2021\/05\/21\/la-afa-y-el-gobierno-acordarian-la-suspension-del-futbol-frente-al-nuevo-confinamiento-nacional\/\" target=\"_blank\">l<\/a>&nbsp;ante el avance del coronavirus en la Argentina, la pelota vuelve a rodar y&nbsp;<strong>este lunes<\/strong>&nbsp;se llevar\u00e1n a cabo las semifinales de la&nbsp;<strong>Copa de la Liga Profesional<\/strong>.&nbsp;<strong>Racing-Boca<\/strong>, en un primer turno, y luego<strong> Independiente-Col\u00f3n de Santa Fe<\/strong> ir\u00e1n en busca de un lugar en el duelo decisivo del certamen. Ambos encuentros tendr\u00e1n lugar en el&nbsp;<strong>estadio San Juan Del Bicentenario<\/strong>.<\/p>\n\n\n\n<h4 class=\"wp-block-heading\"> Racing-Boca, en primer turno <\/h4>\n\n\n\n<p><strong>La Academia y el Xeneize<\/strong>, que vienen de lograr la clasificaci\u00f3n a los octavos de final de la Copa Libertadores,<strong> se enfrentar\u00e1n a partir de las 15 <\/strong>en un duelo que contar\u00e1 con el arbitraje de Dar\u00edo Herrera, quien estar\u00e1 asistido por los jueces de l\u00ednea Maximiliano Del Yesso y Facundo Rodr\u00edguez, y ser\u00e1 televisado en directo tanto por&nbsp;<em>TNT Sports&nbsp;<\/em>como por&nbsp;<em>Fox Sports Premium<\/em>.<\/p>\n\n\n\n<figure class=\"wp-block-image size-large is-resized\"><a href=\"https:\/\/i0.wp.com\/elterritorialweb.com.ar\/web\/wp-content\/uploads\/2021\/05\/RACING.jpg\"><img data-recalc-dims=\"1\" decoding=\"async\" data-src=\"https:\/\/i0.wp.com\/elterritorialweb.com.ar\/web\/wp-content\/uploads\/2021\/05\/RACING.jpg?resize=640%2C640\" alt=\"\" class=\"wp-image-22592 lazyload\" width=\"640\" height=\"640\" data-srcset=\"https:\/\/i0.wp.com\/elterritorialweb.com.ar\/web\/wp-content\/uploads\/2021\/05\/RACING.jpg?w=360&amp;ssl=1 360w, https:\/\/i0.wp.com\/elterritorialweb.com.ar\/web\/wp-content\/uploads\/2021\/05\/RACING.jpg?resize=300%2C300&amp;ssl=1 300w, https:\/\/i0.wp.com\/elterritorialweb.com.ar\/web\/wp-content\/uploads\/2021\/05\/RACING.jpg?resize=150%2C150&amp;ssl=1 150w\" data-sizes=\"(max-width: 640px) 100vw, 640px\" src=\"data:image\/svg+xml;base64,PHN2ZyB3aWR0aD0iMSIgaGVpZ2h0PSIxIiB4bWxucz0iaHR0cDovL3d3dy53My5vcmcvMjAwMC9zdmciPjwvc3ZnPg==\" style=\"--smush-placeholder-width: 640px; --smush-placeholder-aspect-ratio: 640\/640;\" \/><\/a><\/figure>\n\n\n\n<p>El entrenador&nbsp;<strong>Juan Antonio Pizzi<\/strong>&nbsp;<strong>no tendr\u00e1 disponibles<\/strong>&nbsp;al arquero<strong>&nbsp;Gabriel Arias<\/strong>&nbsp;y al lateral&nbsp;<strong>Eugenio Mena<\/strong>&nbsp;debido a que ambos fueron convocados para la Selecci\u00f3n de Chile para la doble fecha de Eliminatorias y posterior Copa Am\u00e9rica.<\/p>\n\n\n\n<p>El DT de Racing decidi\u00f3 que Gast\u00f3n G\u00f3mez ocupar\u00e1 el lugar de Arias en el arco, mientras que Lucas Orban le ganar\u00eda la pulseada al juvenil Ignacio Galv\u00e1n para reemplazar al defensor. Adem\u00e1s ser\u00eda de la partida Iv\u00e1n Pillud debido a que Juan C\u00e1ceres se estuvo entrenando de manera diferenciada tras sufrir una distensi\u00f3n en el b\u00edceps femoral de la pierna derecha y llegar\u00eda con lo justo, mientras que An\u00edbal Moreno ser\u00eda el reemplazante de Mauricio Mart\u00ednez, quien fue expulsado frente a V\u00e9lez..<\/p>\n\n\n\n<figure class=\"wp-block-image size-large is-resized\"><a href=\"https:\/\/i0.wp.com\/elterritorialweb.com.ar\/web\/wp-content\/uploads\/2021\/05\/BOCA-1.png\"><img data-recalc-dims=\"1\" decoding=\"async\" data-src=\"https:\/\/i0.wp.com\/elterritorialweb.com.ar\/web\/wp-content\/uploads\/2021\/05\/BOCA-1.png?resize=640%2C361\" alt=\"\" class=\"wp-image-22596 lazyload\" width=\"640\" height=\"361\" data-srcset=\"https:\/\/i0.wp.com\/elterritorialweb.com.ar\/web\/wp-content\/uploads\/2021\/05\/BOCA-1.png?w=680&amp;ssl=1 680w, https:\/\/i0.wp.com\/elterritorialweb.com.ar\/web\/wp-content\/uploads\/2021\/05\/BOCA-1.png?resize=300%2C169&amp;ssl=1 300w\" data-sizes=\"(max-width: 640px) 100vw, 640px\" src=\"data:image\/svg+xml;base64,PHN2ZyB3aWR0aD0iMSIgaGVpZ2h0PSIxIiB4bWxucz0iaHR0cDovL3d3dy53My5vcmcvMjAwMC9zdmciPjwvc3ZnPg==\" style=\"--smush-placeholder-width: 640px; --smush-placeholder-aspect-ratio: 640\/361;\" \/><\/a><\/figure>\n\n\n\n<p>En Boca,&nbsp;<strong>Miguel \u00c1ngel Russo<\/strong>&nbsp;tendr\u00e1 disponible al mediocampista Edwin Cardona, quien, si bien fue citado para la Selecci\u00f3n de Colombia, lograron postergar su partida: en caso de acceder a la final, no podr\u00e1n contar con \u00e9l. Quienes no jugar\u00e1n este encuentro son Agust\u00edn Almendra, lesionado, y Cristian Medina, se recupera de COVID-19.<\/p>\n\n\n\n<p><strong>Posibles formaciones:<\/strong><\/p>\n\n\n\n<p><strong>Racing:<\/strong>&nbsp;Gast\u00f3n G\u00f3mez; Iv\u00e1n Pillud, Leonardo Sigali, Nery Dom\u00ednguez, Lucas Orban; Leonel Miranda, An\u00edbal Moreno, Ignacio Piatti; Tom\u00e1s Chancalay, Dar\u00edo Cvitanich y Enzo Copetti.&nbsp;<strong>DT:<\/strong>&nbsp;Juan Antonio Pizzi.<\/p>\n\n\n\n<p><strong>Boca:<\/strong>&nbsp;Esteban Andrada; Carlos Zambrano, Lisandro L\u00f3pez, Carlos Izquierdoz; Nicol\u00e1s Capaldo, Jorman Campuzano, Alan Varela, Frank Fabra; Edwin Cardona; Sebasti\u00e1n Villa y Carlos Tevez.&nbsp;<strong>DT:<\/strong>&nbsp;Miguel \u00c1ngel Russo.<\/p>\n\n\n\n<h4 class=\"wp-block-heading\">Independiente-Col\u00f3n<\/h4>\n\n\n\n<p>El Rojo y el Sabalero, por su parte, se enfrentar\u00e1n en el mismo escenario <strong>a partir de las 19<\/strong>. El \u00e1rbitro ser\u00e1 Diego Abal, quien tendr\u00e1 como asistentes a los jueces de l\u00ednea Cristian Navarro y Miguel Savorani, y este duelo tambi\u00e9n podr\u00e1 verse por&nbsp;<em>TNT Sports<\/em>&nbsp;y&nbsp;<em>Fox Sports Premium<\/em>.<\/p>\n\n\n\n<figure class=\"wp-block-image size-large is-resized\"><a href=\"https:\/\/i0.wp.com\/elterritorialweb.com.ar\/web\/wp-content\/uploads\/2021\/05\/INDEPENDIENTE-1.jpg\"><img data-recalc-dims=\"1\" decoding=\"async\" data-src=\"https:\/\/i0.wp.com\/elterritorialweb.com.ar\/web\/wp-content\/uploads\/2021\/05\/INDEPENDIENTE-1.jpg?resize=640%2C426\" alt=\"\" class=\"wp-image-22597 lazyload\" width=\"640\" height=\"426\" data-srcset=\"https:\/\/i0.wp.com\/elterritorialweb.com.ar\/web\/wp-content\/uploads\/2021\/05\/INDEPENDIENTE-1.jpg?w=360&amp;ssl=1 360w, https:\/\/i0.wp.com\/elterritorialweb.com.ar\/web\/wp-content\/uploads\/2021\/05\/INDEPENDIENTE-1.jpg?resize=300%2C200&amp;ssl=1 300w\" data-sizes=\"(max-width: 640px) 100vw, 640px\" src=\"data:image\/svg+xml;base64,PHN2ZyB3aWR0aD0iMSIgaGVpZ2h0PSIxIiB4bWxucz0iaHR0cDovL3d3dy53My5vcmcvMjAwMC9zdmciPjwvc3ZnPg==\" style=\"--smush-placeholder-width: 640px; --smush-placeholder-aspect-ratio: 640\/426;\" \/><\/a><\/figure>\n\n\n\n<p><strong>Independiente<\/strong>&nbsp;realizar\u00eda una \u00fanica variante respecto al equipo que venci\u00f3 por penales a Estudiantes de la Plata: el suspendido Thomas Ortega ser\u00e1 reemplazado por Lucas Rodr\u00edguez.<\/p>\n\n\n\n<p><strong>Col\u00f3n <\/strong>no tendr\u00e1 disponible a los lesionados Paolo Goltz y Bruno Bianchi. Adem\u00e1s, Facundo Mura ingresar\u00e1 por el suspendido Eric Meza y Nicol\u00e1s Leguizam\u00f3n regresar\u00e1 al 11 inicia en reemplazo del colombiano Wilson Morelo, en un cambio t\u00e1ctico.<\/p>\n\n\n\n<figure class=\"wp-block-image size-large is-resized\"><a href=\"https:\/\/i0.wp.com\/elterritorialweb.com.ar\/web\/wp-content\/uploads\/2021\/05\/COLON-1.jpg\"><img data-recalc-dims=\"1\" decoding=\"async\" data-src=\"https:\/\/i0.wp.com\/elterritorialweb.com.ar\/web\/wp-content\/uploads\/2021\/05\/COLON-1.jpg?resize=640%2C439\" alt=\"\" class=\"wp-image-22598 lazyload\" width=\"640\" height=\"439\" data-srcset=\"https:\/\/i0.wp.com\/elterritorialweb.com.ar\/web\/wp-content\/uploads\/2021\/05\/COLON-1.jpg?w=360&amp;ssl=1 360w, https:\/\/i0.wp.com\/elterritorialweb.com.ar\/web\/wp-content\/uploads\/2021\/05\/COLON-1.jpg?resize=300%2C206&amp;ssl=1 300w\" data-sizes=\"(max-width: 640px) 100vw, 640px\" src=\"data:image\/svg+xml;base64,PHN2ZyB3aWR0aD0iMSIgaGVpZ2h0PSIxIiB4bWxucz0iaHR0cDovL3d3dy53My5vcmcvMjAwMC9zdmciPjwvc3ZnPg==\" style=\"--smush-placeholder-width: 640px; --smush-placeholder-aspect-ratio: 640\/439;\" \/><\/a><\/figure>\n\n\n\n<p><strong>Posibles formaciones:<\/strong><\/p>\n\n\n\n<p><strong>Independiente:&nbsp;<\/strong>Sebasti\u00e1n Sosa; Fabricio Bustos, Sergio Barreto, Juan Manuel Insaurralde, Lucas Rodr\u00edguez; Gonzalo As\u00eds, Lucas Romero, Domingo Blanco; Sebasti\u00e1n Palacios, Silvio Romero y Alan Velasco.&nbsp;<strong>DT:<\/strong>&nbsp;Julio C\u00e9sar Falcioni.<\/p>\n\n\n\n<p><strong>Col\u00f3n:&nbsp;<\/strong>Leonardo Buri\u00e1n; Facundo Garc\u00e9s, Lucas Acevedo, Rafael Delgado; Facundo Mura, Rodrigo Aliendro, Federico L\u00e9rtora, Alexis Castro, Gonzalo Piovi; Luis Miguel Rodr\u00edguez, Nicol\u00e1s Leguizam\u00f3n.&nbsp;<strong>DT:<\/strong>&nbsp;Eduardo Dom\u00ednguez.<\/p>\n","protected":false},"excerpt":{"rendered":"<p>Ambos encuentros se llevar\u00e1n a cabo este lunes en el estadio San Juan Del Bicentenario. El duelo decisivo ser\u00e1 el viernes.<\/p>\n","protected":false},"author":2,"featured_media":22591,"comment_status":"open","ping_status":"open","sticky":false,"template":"","format":"standard","meta":{"om_disable_all_campaigns":false,"_monsterinsights_skip_tracking":false,"_monsterinsights_sitenote_active":false,"_monsterinsights_sitenote_note":"","_monsterinsights_sitenote_category":0,"_uf_show_specific_survey":0,"_uf_disable_surveys":false,"jetpack_post_was_ever_published":false,"_jetpack_newsletter_access":"","_jetpack_dont_email_post_to_subs":false,"_jetpack_newsletter_tier_id":0,"_jetpack_memberships_contains_paywalled_content":false,"_jetpack_memberships_contains_paid_content":false,"footnotes":"","jetpack_publicize_message":"","jetpack_publicize_feature_enabled":true,"jetpack_social_post_already_shared":false,"jetpack_social_options":{"image_generator_settings":{"template":"highway","default_image_id":0,"font":"","enabled":false},"version":2}},"categories":[6],"tags":[],"class_list":["post-22590","post","type-post","status-publish","format-standard","has-post-thumbnail","hentry","category-deportes"],"aioseo_notices":[],"views":9,"jetpack_publicize_connections":[],"jetpack_featured_media_url":"https:\/\/i0.wp.com\/elterritorialweb.com.ar\/web\/wp-content\/uploads\/2021\/05\/ESTADIO-SAN-JUAN.jpg?fit=680%2C510&ssl=1","jetpack_sharing_enabled":true,"_links":{"self":[{"href":"https:\/\/elterritorialweb.com.ar\/web\/wp-json\/wp\/v2\/posts\/22590","targetHints":{"allow":["GET"]}}],"collection":[{"href":"https:\/\/elterritorialweb.com.ar\/web\/wp-json\/wp\/v2\/posts"}],"about":[{"href":"https:\/\/elterritorialweb.com.ar\/web\/wp-json\/wp\/v2\/types\/post"}],"author":[{"embeddable":true,"href":"https:\/\/elterritorialweb.com.ar\/web\/wp-json\/wp\/v2\/users\/2"}],"replies":[{"embeddable":true,"href":"https:\/\/elterritorialweb.com.ar\/web\/wp-json\/wp\/v2\/comments?post=22590"}],"version-history":[{"count":1,"href":"https:\/\/elterritorialweb.com.ar\/web\/wp-json\/wp\/v2\/posts\/22590\/revisions"}],"predecessor-version":[{"id":22599,"href":"https:\/\/elterritorialweb.com.ar\/web\/wp-json\/wp\/v2\/posts\/22590\/revisions\/22599"}],"wp:featuredmedia":[{"embeddable":true,"href":"https:\/\/elterritorialweb.com.ar\/web\/wp-json\/wp\/v2\/media\/22591"}],"wp:attachment":[{"href":"https:\/\/elterritorialweb.com.ar\/web\/wp-json\/wp\/v2\/media?parent=22590"}],"wp:term":[{"taxonomy":"category","embeddable":true,"href":"https:\/\/elterritorialweb.com.ar\/web\/wp-json\/wp\/v2\/categories?post=22590"},{"taxonomy":"post_tag","embeddable":true,"href":"https:\/\/elterritorialweb.com.ar\/web\/wp-json\/wp\/v2\/tags?post=22590"}],"curies":[{"name":"wp","href":"https:\/\/api.w.org\/{rel}","templated":true}]}}