{"id":22610,"date":"2021-05-31T12:19:16","date_gmt":"2021-05-31T12:19:16","guid":{"rendered":"http:\/\/elterritorialweb.com.ar\/web\/?p=22610"},"modified":"2021-05-31T12:19:18","modified_gmt":"2021-05-31T12:19:18","slug":"cafiero-destaco-la-llegada-del-embarque-mas-grande-tras-el-arribo-de-las-vacunas","status":"publish","type":"post","link":"https:\/\/elterritorialweb.com.ar\/web\/cafiero-destaco-la-llegada-del-embarque-mas-grande-tras-el-arribo-de-las-vacunas\/","title":{"rendered":"CAFIERO DESTAC\u00d3 LA LLEGADA DEL \u00abEMBARQUE M\u00c1S GRANDE\u00bb ,TRAS EL ARRIBO DE LAS VACUNAS"},"content":{"rendered":"\n<p>Adem\u00e1s, precis\u00f3 que \u00abcomenz\u00f3 a destrabarse\u00bb el contrato con ese laboratorio, mientras que la ministra de Salud, Carla Vizzotti, anunci\u00f3 que se espera recibir el componente 2 de la Sputnik V desde Rusia.<\/p>\n\n\n\n<p>Cafiero hizo estas declaraciones en Ezeiza, tras recibir el lote de vacunas de AstraZeneca en Ezeiza, acompa\u00f1ado de la ministra de Salud, Carla Vizzotti, que anticip\u00f3 \u00abuna escalada de vacunaci\u00f3n importante\u00bb con el flujo de vacunas que llegar\u00e1n al pa\u00eds y los acuerdos a futuro que se negocian.<\/p>\n","protected":false},"excerpt":{"rendered":"<p>El jefe de Gabinete, Santiago Cafiero, destac\u00f3 el d\u00eda de hoy como \u00abmuy importante\u00bb por la llegada de 2.148.600 vacunas, \u00abel embarque m\u00e1s grande desde que arranc\u00f3 el proceso de adquisici\u00f3n y log\u00edtistica de la vacuna, y tambi\u00e9n por el hecho de que las dosis tienen \u00abcomponente argentino\u00bb.<\/p>\n","protected":false},"author":2,"featured_media":22611,"comment_status":"open","ping_status":"open","sticky":false,"template":"","format":"standard","meta":{"om_disable_all_campaigns":false,"_monsterinsights_skip_tracking":false,"_monsterinsights_sitenote_active":false,"_monsterinsights_sitenote_note":"","_monsterinsights_sitenote_category":0,"_uf_show_specific_survey":0,"_uf_disable_surveys":false,"jetpack_post_was_ever_published":false,"_jetpack_newsletter_access":"","_jetpack_dont_email_post_to_subs":false,"_jetpack_newsletter_tier_id":0,"_jetpack_memberships_contains_paywalled_content":false,"_jetpack_memberships_contains_paid_content":false,"footnotes":"","jetpack_publicize_message":"","jetpack_publicize_feature_enabled":true,"jetpack_social_post_already_shared":false,"jetpack_social_options":{"image_generator_settings":{"template":"highway","default_image_id":0,"font":"","enabled":false},"version":2}},"categories":[3],"tags":[],"class_list":["post-22610","post","type-post","status-publish","format-standard","has-post-thumbnail","hentry","category-salud"],"aioseo_notices":[],"views":7,"jetpack_publicize_connections":[],"jetpack_featured_media_url":"https:\/\/i0.wp.com\/elterritorialweb.com.ar\/web\/wp-content\/uploads\/2021\/05\/60b4cba2971a3_1004x565.jpg?fit=1004%2C565&ssl=1","jetpack_sharing_enabled":true,"_links":{"self":[{"href":"https:\/\/elterritorialweb.com.ar\/web\/wp-json\/wp\/v2\/posts\/22610","targetHints":{"allow":["GET"]}}],"collection":[{"href":"https:\/\/elterritorialweb.com.ar\/web\/wp-json\/wp\/v2\/posts"}],"about":[{"href":"https:\/\/elterritorialweb.com.ar\/web\/wp-json\/wp\/v2\/types\/post"}],"author":[{"embeddable":true,"href":"https:\/\/elterritorialweb.com.ar\/web\/wp-json\/wp\/v2\/users\/2"}],"replies":[{"embeddable":true,"href":"https:\/\/elterritorialweb.com.ar\/web\/wp-json\/wp\/v2\/comments?post=22610"}],"version-history":[{"count":1,"href":"https:\/\/elterritorialweb.com.ar\/web\/wp-json\/wp\/v2\/posts\/22610\/revisions"}],"predecessor-version":[{"id":22612,"href":"https:\/\/elterritorialweb.com.ar\/web\/wp-json\/wp\/v2\/posts\/22610\/revisions\/22612"}],"wp:featuredmedia":[{"embeddable":true,"href":"https:\/\/elterritorialweb.com.ar\/web\/wp-json\/wp\/v2\/media\/22611"}],"wp:attachment":[{"href":"https:\/\/elterritorialweb.com.ar\/web\/wp-json\/wp\/v2\/media?parent=22610"}],"wp:term":[{"taxonomy":"category","embeddable":true,"href":"https:\/\/elterritorialweb.com.ar\/web\/wp-json\/wp\/v2\/categories?post=22610"},{"taxonomy":"post_tag","embeddable":true,"href":"https:\/\/elterritorialweb.com.ar\/web\/wp-json\/wp\/v2\/tags?post=22610"}],"curies":[{"name":"wp","href":"https:\/\/api.w.org\/{rel}","templated":true}]}}