{"id":22615,"date":"2021-05-31T13:01:59","date_gmt":"2021-05-31T13:01:59","guid":{"rendered":"http:\/\/elterritorialweb.com.ar\/web\/?p=22615"},"modified":"2021-05-31T16:42:37","modified_gmt":"2021-05-31T16:42:37","slug":"la-conmebol-se-reune-para-definir-el-futuro-de-la-copa-america","status":"publish","type":"post","link":"https:\/\/elterritorialweb.com.ar\/web\/la-conmebol-se-reune-para-definir-el-futuro-de-la-copa-america\/","title":{"rendered":"LA CONMEBOL SE RE\u00daNE PARA DEFINIR EL FUTURO DE LA COPA AM\u00c9RICA"},"content":{"rendered":"\n<p>El Consejo Directivo de la Conmebol se reunir\u00e1 este lunes para decidir el futuro de la Copa Am\u00e9rica, <a href=\"http:\/\/elterritorialweb.com.ar\/web\/la-copa-america-no-se-jugara-en-la-argentina\/\" data-type=\"post\" data-id=\"22584\">luego de&nbsp;suspenderse anoche la organizaci\u00f3n del torneo en Argentina&nbsp;<\/a>por decisi\u00f3n del entre rector del f\u00fatbol en Sudam\u00e9rica.<\/p>\n\n\n\n<p>Los dirigentes tomar\u00e1n contacto esta ma\u00f1ana de manera virtual para evaluar posibles sedes alternativas a menos de dos semanas de la fecha de inicio, que estaba previsto para el domingo 13 de junio en el estadio de River Plate.<\/p>\n\n\n\n<p>\u00abLa Conmebol informa que en atenci\u00f3n a las circunstancias presentes ha resuelto suspender la organizaci\u00f3n de la Copa Am\u00e9rica en Argentina. La Conmebol analiza la oferta de otros pa\u00edses que mostraron inter\u00e9s en albergar el torneo continental\u00bb, comunic\u00f3 oficialmente anoche el organismo con sede en Luque, Paraguay.<\/p>\n\n\n\n<p>El torneo de selecciones m\u00e1s antiguo del mundo, cuya primera edici\u00f3n fue celebrada en 1916, sum\u00f3 la segunda deserci\u00f3n en t\u00e9rminos organizativos luego de la baja de Colombia el pasado 20 de mayo debido a la crisis social que atraviesa ese pa\u00eds.<\/p>\n\n\n\n<p>El Consejo Directivo de la Conmebol evaluar\u00e1 en las pr\u00f3ximas horas la posibilidad de trasladar el torneo a Chile, Paraguay o Estados Unidos, aunque otra opci\u00f3n podr\u00eda ser cancelar definitivamente su celebraci\u00f3n este a\u00f1o, tal como sucedi\u00f3 en 2020 por la pandemia de coronavirus.<\/p>\n","protected":false},"excerpt":{"rendered":"<p>Luego de suspender la oranizaci\u00f3n en el pa\u00eds, el Consejo evaluar\u00e1 en las pr\u00f3ximas horas la posibilidad de trasladar el torneo a Chile, Paraguay o Estados Unidos, aunque otra opci\u00f3n podr\u00eda ser cancelar definitivamente su celebraci\u00f3n este a\u00f1o, tal como sucedi\u00f3 en 2020 por la pandemia de coronavirus.<\/p>\n","protected":false},"author":2,"featured_media":17933,"comment_status":"open","ping_status":"open","sticky":false,"template":"","format":"standard","meta":{"om_disable_all_campaigns":false,"_monsterinsights_skip_tracking":false,"_monsterinsights_sitenote_active":false,"_monsterinsights_sitenote_note":"","_monsterinsights_sitenote_category":0,"_uf_show_specific_survey":0,"_uf_disable_surveys":false,"jetpack_post_was_ever_published":false,"_jetpack_newsletter_access":"","_jetpack_dont_email_post_to_subs":false,"_jetpack_newsletter_tier_id":0,"_jetpack_memberships_contains_paywalled_content":false,"_jetpack_memberships_contains_paid_content":false,"footnotes":"","jetpack_publicize_message":"","jetpack_publicize_feature_enabled":true,"jetpack_social_post_already_shared":false,"jetpack_social_options":{"image_generator_settings":{"template":"highway","default_image_id":0,"font":"","enabled":false},"version":2}},"categories":[6],"tags":[],"class_list":["post-22615","post","type-post","status-publish","format-standard","has-post-thumbnail","hentry","category-deportes"],"aioseo_notices":[],"views":6,"jetpack_publicize_connections":[],"jetpack_featured_media_url":"https:\/\/i0.wp.com\/elterritorialweb.com.ar\/web\/wp-content\/uploads\/2021\/03\/CONMEBOL.jpg?fit=680%2C383&ssl=1","jetpack_sharing_enabled":true,"_links":{"self":[{"href":"https:\/\/elterritorialweb.com.ar\/web\/wp-json\/wp\/v2\/posts\/22615","targetHints":{"allow":["GET"]}}],"collection":[{"href":"https:\/\/elterritorialweb.com.ar\/web\/wp-json\/wp\/v2\/posts"}],"about":[{"href":"https:\/\/elterritorialweb.com.ar\/web\/wp-json\/wp\/v2\/types\/post"}],"author":[{"embeddable":true,"href":"https:\/\/elterritorialweb.com.ar\/web\/wp-json\/wp\/v2\/users\/2"}],"replies":[{"embeddable":true,"href":"https:\/\/elterritorialweb.com.ar\/web\/wp-json\/wp\/v2\/comments?post=22615"}],"version-history":[{"count":1,"href":"https:\/\/elterritorialweb.com.ar\/web\/wp-json\/wp\/v2\/posts\/22615\/revisions"}],"predecessor-version":[{"id":22616,"href":"https:\/\/elterritorialweb.com.ar\/web\/wp-json\/wp\/v2\/posts\/22615\/revisions\/22616"}],"wp:featuredmedia":[{"embeddable":true,"href":"https:\/\/elterritorialweb.com.ar\/web\/wp-json\/wp\/v2\/media\/17933"}],"wp:attachment":[{"href":"https:\/\/elterritorialweb.com.ar\/web\/wp-json\/wp\/v2\/media?parent=22615"}],"wp:term":[{"taxonomy":"category","embeddable":true,"href":"https:\/\/elterritorialweb.com.ar\/web\/wp-json\/wp\/v2\/categories?post=22615"},{"taxonomy":"post_tag","embeddable":true,"href":"https:\/\/elterritorialweb.com.ar\/web\/wp-json\/wp\/v2\/tags?post=22615"}],"curies":[{"name":"wp","href":"https:\/\/api.w.org\/{rel}","templated":true}]}}