{"id":22634,"date":"2021-05-31T22:25:29","date_gmt":"2021-05-31T22:25:29","guid":{"rendered":"http:\/\/elterritorialweb.com.ar\/web\/?p=22634"},"modified":"2021-06-01T18:32:59","modified_gmt":"2021-06-01T18:32:59","slug":"28-175-nuevos-casos-de-covid-19-en-24-horas-con-un-total-de-3-781-784-infectados","status":"publish","type":"post","link":"https:\/\/elterritorialweb.com.ar\/web\/28-175-nuevos-casos-de-covid-19-en-24-horas-con-un-total-de-3-781-784-infectados\/","title":{"rendered":"28.175 NUEVOS CASOS DE COVID-19 EN 24 HORAS, CON UN TOTAL DE 3.781.784 INFECTADOS"},"content":{"rendered":"\n<p>Otras&nbsp;<strong>638 personas murieron y 28.175 fueron reportadas con coronavirus&nbsp;<\/strong>en las \u00faltimas 24 horas en la Argentina, con lo que suman&nbsp;<strong>78.093 los fallecidos registrados oficialmente a nivel nacional y 3.781.784 los contagiados<\/strong>&nbsp;desde el inicio de la pandemia, inform\u00f3 este lunes el Ministerio de Salud.<\/p>\n\n\n\n<p>La cartera sanitaria indic\u00f3 que son&nbsp;<strong>7.325 los internados en unidades de terapia intensiva,<\/strong>&nbsp;con un porcentaje de ocupaci\u00f3n de camas de adultos por todas las patolog\u00edas de 77,4% en el pa\u00eds y del 76,9% en la \u00c1rea Metropolitana Buenos Aires (AMBA).<\/p>\n\n\n\n<p>El reporte consign\u00f3 que fallecieron&nbsp;<strong>370 hombres y 266 mujeres,<\/strong>&nbsp;mientras que una persona de la provincia de Salta y una de Santa Fe fueron reportadas sin dato de sexo.<\/p>\n\n\n\n<p>El parte precis\u00f3 que murieron 142 hombres en la provincia de Buenos Aires; 36 en la Ciudad de Buenos Aires; 12 en Chaco; 5 en Chubut; 9 en Corrientes; 16 en C\u00f3rdoba; 11 en Entre R\u00edos; 14 en Formosa; 13 en La Pampa; 9 en Mendoza; 4 en Misiones; 9 en Neuqu\u00e9n; 9 en R\u00edo Negro; 8 en Salta; 5 en San Juan; 12 en San Luis; 4 en Santa Cruz; 30 en Santa Fe; 6 en Santiago del Estero; 2 en Tierra del Fuego y 14 en Tucum\u00e1n.<\/p>\n\n\n\n<p>Tambi\u00e9n fallecieron 107 mujeres en Buenos Aires; 34 en la Ciudad de Buenos Aires; 3 en Chaco; 3 en Chubut; 1 en Corrientes; 18 en C\u00f3rdoba; 9 en Entre R\u00edos; 13 en Formosa; 3 en La Pampa; 9 en Mendoza; 1 en Misiones; 3 en Neuqu\u00e9n; 6 en R\u00edo Negro; 7 en Salta; 3 en San Juan; 5 en San Luis; 2 en Santa Cruz; 21 en Santa Fe; 7 en Santiago del Estero y 11 en Tucum\u00e1n.<\/p>\n\n\n\n<p><strong>Los nuevos contagios<\/strong><\/p>\n\n\n\n<p>Hoy se registraron en la provincia de Buenos Aires 10.022 casos; en la Ciudad de Buenos Aires, 2.105; en Catamarca, 324; en Chaco, 480; en Chubut, 444; en Corrientes, 341; en C\u00f3rdoba, 3.581; en Entre R\u00edos, 748; en Formosa, 860; en Jujuy, 157; en La Pampa, 490; en La Rioja, 112; en Mendoza, 788; en Misiones, 191; en Neuqu\u00e9n, 858; en R\u00edo Negro, 598; en Salta, 427; en San Juan, 409; en San Luis, 532; en Santa Cruz, 218; en Santa Fe, 2.435; en Santiago del Estero, 545; Tierra del Fuego, 29 y en Tucum\u00e1n, 1.481.<\/p>\n\n\n\n<p>El Ministerio indic\u00f3 adem\u00e1s que se realizaron en las \u00faltimas 24 horas 87.048 testeos y desde el inicio del brote ascienden a 13.959.670 pruebas diagn\u00f3sticas para esta enfermedad.<\/p>\n\n\n\n<p>El total de acumulados por distrito indica que la provincia de Buenos Aires suma 1.610.286 casos; la Ciudad de Buenos Aires, 418.250; Catamarca, 23.742.; Chaco, 58.207; Chubut, 62.746; Corrientes, 51.454; C\u00f3rdoba 311.898; Entre R\u00edos, 85.781; Formosa, 30.507; Jujuy, 28.369; La Pampa, 42.828; La Rioja, 17.401; Mendoza, 120.666; Misiones, 20.455; Neuqu\u00e9n, 90.408; R\u00edo Negro, 74.212; Salta, 45.379; San Juan, 37.018; San Luis, 53.063; Santa Cruz, 51.542; Santa Fe, 345.071; Santiago del Estero, 43.917; Tierra del Fuego, 28.480 y Tucum\u00e1n, 130.104.<\/p>\n\n\n\n<p>Se incluyen casos existentes en las Islas Malvinas seg\u00fan informaci\u00f3n de prensa (debido a la ocupaci\u00f3n ilegal del Reino Unido, Gran Breta\u00f1a e Irlanda del Norte no es posible contar con informaci\u00f3n propia sobre el impacto de la Covid-19 en esa parte del territorio argentino).<\/p>\n","protected":false},"excerpt":{"rendered":"<p>El Ministerio de Salud indic\u00f3 que son 7.325 los internados en unidades de terapia intensiva, con un porcentaje de ocupaci\u00f3n de camas de adultos de 77,4 % en el pa\u00eds y del 76,9 % en el AMBA.<\/p>\n","protected":false},"author":2,"featured_media":22635,"comment_status":"open","ping_status":"open","sticky":false,"template":"","format":"standard","meta":{"om_disable_all_campaigns":false,"_monsterinsights_skip_tracking":false,"_monsterinsights_sitenote_active":false,"_monsterinsights_sitenote_note":"","_monsterinsights_sitenote_category":0,"_uf_show_specific_survey":0,"_uf_disable_surveys":false,"jetpack_post_was_ever_published":false,"_jetpack_newsletter_access":"","_jetpack_dont_email_post_to_subs":false,"_jetpack_newsletter_tier_id":0,"_jetpack_memberships_contains_paywalled_content":false,"_jetpack_memberships_contains_paid_content":false,"footnotes":"","jetpack_publicize_message":"","jetpack_publicize_feature_enabled":true,"jetpack_social_post_already_shared":false,"jetpack_social_options":{"image_generator_settings":{"template":"highway","default_image_id":0,"font":"","enabled":false},"version":2}},"categories":[3],"tags":[],"class_list":["post-22634","post","type-post","status-publish","format-standard","has-post-thumbnail","hentry","category-salud"],"aioseo_notices":[],"views":12,"jetpack_publicize_connections":[],"jetpack_featured_media_url":"https:\/\/i0.wp.com\/elterritorialweb.com.ar\/web\/wp-content\/uploads\/2021\/05\/NUEVOS-CASOS-31-DE-MAYO.jpg?fit=680%2C471&ssl=1","jetpack_sharing_enabled":true,"_links":{"self":[{"href":"https:\/\/elterritorialweb.com.ar\/web\/wp-json\/wp\/v2\/posts\/22634","targetHints":{"allow":["GET"]}}],"collection":[{"href":"https:\/\/elterritorialweb.com.ar\/web\/wp-json\/wp\/v2\/posts"}],"about":[{"href":"https:\/\/elterritorialweb.com.ar\/web\/wp-json\/wp\/v2\/types\/post"}],"author":[{"embeddable":true,"href":"https:\/\/elterritorialweb.com.ar\/web\/wp-json\/wp\/v2\/users\/2"}],"replies":[{"embeddable":true,"href":"https:\/\/elterritorialweb.com.ar\/web\/wp-json\/wp\/v2\/comments?post=22634"}],"version-history":[{"count":1,"href":"https:\/\/elterritorialweb.com.ar\/web\/wp-json\/wp\/v2\/posts\/22634\/revisions"}],"predecessor-version":[{"id":22636,"href":"https:\/\/elterritorialweb.com.ar\/web\/wp-json\/wp\/v2\/posts\/22634\/revisions\/22636"}],"wp:featuredmedia":[{"embeddable":true,"href":"https:\/\/elterritorialweb.com.ar\/web\/wp-json\/wp\/v2\/media\/22635"}],"wp:attachment":[{"href":"https:\/\/elterritorialweb.com.ar\/web\/wp-json\/wp\/v2\/media?parent=22634"}],"wp:term":[{"taxonomy":"category","embeddable":true,"href":"https:\/\/elterritorialweb.com.ar\/web\/wp-json\/wp\/v2\/categories?post=22634"},{"taxonomy":"post_tag","embeddable":true,"href":"https:\/\/elterritorialweb.com.ar\/web\/wp-json\/wp\/v2\/tags?post=22634"}],"curies":[{"name":"wp","href":"https:\/\/api.w.org\/{rel}","templated":true}]}}