{"id":22641,"date":"2021-05-31T22:42:14","date_gmt":"2021-05-31T22:42:14","guid":{"rendered":"http:\/\/elterritorialweb.com.ar\/web\/?p=22641"},"modified":"2021-05-31T22:50:51","modified_gmt":"2021-05-31T22:50:51","slug":"aprueban-dos-importantes-proyectos-de-investigacion-de-la-unse","status":"publish","type":"post","link":"https:\/\/elterritorialweb.com.ar\/web\/aprueban-dos-importantes-proyectos-de-investigacion-de-la-unse\/","title":{"rendered":"APRUEBAN DOS IMPORTANTES PROYECTOS DE INVESTIGACI\u00d3N DE LA UNSE"},"content":{"rendered":"\n<p>Dos proyectos de investigaci\u00f3n de la Universidad Nacional de Santiago del Estero fueron seleccionados en la convocatoria \u201cCiencia y Tecnolog\u00eda contra el Hambre\u201d, impulsada por el Ministerio de Ciencia, Tecnolog\u00eda e Innovaci\u00f3n (MINCyT), junto con el Ministerio de Desarrollo Social de la Naci\u00f3n y el Consejo Nacional de Coordinaci\u00f3n de Pol\u00edticas Sociales.<br>Ambos proyectos recibir\u00e1n financiamiento del Banco de Desarrollo de Am\u00e9rica Latina a trav\u00e9s de la Secretar\u00eda de Asuntos Estrat\u00e9gicos.<br>Por un lado, se trata del proyecto <strong>\u201cSistema de captaci\u00f3n de agua de lluvia para diversos usos, incluyendo instalaci\u00f3n de riego por goteo y huerta familiar\u201d<\/strong>, de la directora del Instituto de Estudios Ambientales, ingeniera forestal Roc\u00edo Carreras. <strong>El monto que recibir\u00e1 este proyecto es de $ 14.965.105,00.<\/strong><\/p>\n\n\n\n<figure class=\"wp-block-image size-large\"><a href=\"https:\/\/i0.wp.com\/elterritorialweb.com.ar\/web\/wp-content\/uploads\/2021\/05\/WhatsApp-Image-2021-05-31-at-19.06.28-1.jpeg\"><img data-recalc-dims=\"1\" decoding=\"async\" width=\"640\" height=\"640\" data-src=\"https:\/\/i0.wp.com\/elterritorialweb.com.ar\/web\/wp-content\/uploads\/2021\/05\/WhatsApp-Image-2021-05-31-at-19.06.28-1.jpeg?resize=640%2C640\" alt=\"\" class=\"wp-image-22643 lazyload\" data-srcset=\"https:\/\/i0.wp.com\/elterritorialweb.com.ar\/web\/wp-content\/uploads\/2021\/05\/WhatsApp-Image-2021-05-31-at-19.06.28-1.jpeg?w=719&amp;ssl=1 719w, https:\/\/i0.wp.com\/elterritorialweb.com.ar\/web\/wp-content\/uploads\/2021\/05\/WhatsApp-Image-2021-05-31-at-19.06.28-1.jpeg?resize=300%2C300&amp;ssl=1 300w, https:\/\/i0.wp.com\/elterritorialweb.com.ar\/web\/wp-content\/uploads\/2021\/05\/WhatsApp-Image-2021-05-31-at-19.06.28-1.jpeg?resize=150%2C150&amp;ssl=1 150w\" data-sizes=\"(max-width: 640px) 100vw, 640px\" src=\"data:image\/svg+xml;base64,PHN2ZyB3aWR0aD0iMSIgaGVpZ2h0PSIxIiB4bWxucz0iaHR0cDovL3d3dy53My5vcmcvMjAwMC9zdmciPjwvc3ZnPg==\" style=\"--smush-placeholder-width: 640px; --smush-placeholder-aspect-ratio: 640\/640;\" \/><\/a><figcaption>ING. FORESTAL ROCIO CARRE<strong>RA<\/strong>S<\/figcaption><\/figure>\n\n\n\n<p><br>El segundo proyecto se denomina <strong>\u201cDispositivo electroqu\u00edmico portable aplicado en la detecci\u00f3n y cuantificaci\u00f3n in situ de ars\u00e9nico en agua destinada al consumo humano\u201d<\/strong>, de la doctora Ver\u00f3nica Paz Zanini, de la Facultad de Agronom\u00eda y Agroindustrias, con <strong>un monto asignado de $ 1.155.000,00.<\/strong><\/p>\n\n\n\n<figure class=\"wp-block-image size-large is-resized\"><a href=\"https:\/\/i0.wp.com\/elterritorialweb.com.ar\/web\/wp-content\/uploads\/2021\/05\/WhatsApp-Image-2021-05-31-at-19.06.28.jpeg\"><img data-recalc-dims=\"1\" decoding=\"async\" data-src=\"https:\/\/i0.wp.com\/elterritorialweb.com.ar\/web\/wp-content\/uploads\/2021\/05\/WhatsApp-Image-2021-05-31-at-19.06.28.jpeg?resize=640%2C640\" alt=\"\" class=\"wp-image-22642 lazyload\" width=\"640\" height=\"640\" data-srcset=\"https:\/\/i0.wp.com\/elterritorialweb.com.ar\/web\/wp-content\/uploads\/2021\/05\/WhatsApp-Image-2021-05-31-at-19.06.28.jpeg?w=526&amp;ssl=1 526w, https:\/\/i0.wp.com\/elterritorialweb.com.ar\/web\/wp-content\/uploads\/2021\/05\/WhatsApp-Image-2021-05-31-at-19.06.28.jpeg?resize=300%2C300&amp;ssl=1 300w, https:\/\/i0.wp.com\/elterritorialweb.com.ar\/web\/wp-content\/uploads\/2021\/05\/WhatsApp-Image-2021-05-31-at-19.06.28.jpeg?resize=150%2C150&amp;ssl=1 150w\" data-sizes=\"(max-width: 640px) 100vw, 640px\" src=\"data:image\/svg+xml;base64,PHN2ZyB3aWR0aD0iMSIgaGVpZ2h0PSIxIiB4bWxucz0iaHR0cDovL3d3dy53My5vcmcvMjAwMC9zdmciPjwvc3ZnPg==\" style=\"--smush-placeholder-width: 640px; --smush-placeholder-aspect-ratio: 640\/640;\" \/><\/a><figcaption><strong>DRA. VER\u00d3NICA PAZ ZANINI<\/strong><\/figcaption><\/figure>\n\n\n\n<p><br>La Universidad Nacional de Santiago del Estero felicita a las investigadoras directoras de ambos proyectos de trascendental importancia para nuestro territorio, y destaca el aporte que desde el sistema de ciencia y t\u00e9cnica se realiza a la sociedad, llevando a la ciencia en la b\u00fasqueda constante de mejorar la calidad de vida de quienes habitan nuestra provincia.<\/p>\n","protected":false},"excerpt":{"rendered":"<p>Abordan problemas ambientales y sociales de nuestra provincia: el acceso al agua y el ars\u00e9nico. <\/p>\n","protected":false},"author":2,"featured_media":4839,"comment_status":"open","ping_status":"open","sticky":false,"template":"","format":"standard","meta":{"om_disable_all_campaigns":false,"_monsterinsights_skip_tracking":false,"_monsterinsights_sitenote_active":false,"_monsterinsights_sitenote_note":"","_monsterinsights_sitenote_category":0,"_uf_show_specific_survey":0,"_uf_disable_surveys":false,"jetpack_post_was_ever_published":false,"_jetpack_newsletter_access":"","_jetpack_dont_email_post_to_subs":false,"_jetpack_newsletter_tier_id":0,"_jetpack_memberships_contains_paywalled_content":false,"_jetpack_memberships_contains_paid_content":false,"footnotes":"","jetpack_publicize_message":"","jetpack_publicize_feature_enabled":true,"jetpack_social_post_already_shared":false,"jetpack_social_options":{"image_generator_settings":{"template":"highway","default_image_id":0,"font":"","enabled":false},"version":2}},"categories":[19],"tags":[],"class_list":["post-22641","post","type-post","status-publish","format-standard","has-post-thumbnail","hentry","category-educacion"],"aioseo_notices":[],"views":4,"jetpack_publicize_connections":[],"jetpack_featured_media_url":"https:\/\/i0.wp.com\/elterritorialweb.com.ar\/web\/wp-content\/uploads\/2020\/05\/UNSE-ENTRADA.jpg?fit=960%2C720&ssl=1","jetpack_sharing_enabled":true,"_links":{"self":[{"href":"https:\/\/elterritorialweb.com.ar\/web\/wp-json\/wp\/v2\/posts\/22641","targetHints":{"allow":["GET"]}}],"collection":[{"href":"https:\/\/elterritorialweb.com.ar\/web\/wp-json\/wp\/v2\/posts"}],"about":[{"href":"https:\/\/elterritorialweb.com.ar\/web\/wp-json\/wp\/v2\/types\/post"}],"author":[{"embeddable":true,"href":"https:\/\/elterritorialweb.com.ar\/web\/wp-json\/wp\/v2\/users\/2"}],"replies":[{"embeddable":true,"href":"https:\/\/elterritorialweb.com.ar\/web\/wp-json\/wp\/v2\/comments?post=22641"}],"version-history":[{"count":2,"href":"https:\/\/elterritorialweb.com.ar\/web\/wp-json\/wp\/v2\/posts\/22641\/revisions"}],"predecessor-version":[{"id":22646,"href":"https:\/\/elterritorialweb.com.ar\/web\/wp-json\/wp\/v2\/posts\/22641\/revisions\/22646"}],"wp:featuredmedia":[{"embeddable":true,"href":"https:\/\/elterritorialweb.com.ar\/web\/wp-json\/wp\/v2\/media\/4839"}],"wp:attachment":[{"href":"https:\/\/elterritorialweb.com.ar\/web\/wp-json\/wp\/v2\/media?parent=22641"}],"wp:term":[{"taxonomy":"category","embeddable":true,"href":"https:\/\/elterritorialweb.com.ar\/web\/wp-json\/wp\/v2\/categories?post=22641"},{"taxonomy":"post_tag","embeddable":true,"href":"https:\/\/elterritorialweb.com.ar\/web\/wp-json\/wp\/v2\/tags?post=22641"}],"curies":[{"name":"wp","href":"https:\/\/api.w.org\/{rel}","templated":true}]}}