{"id":22647,"date":"2021-05-31T22:58:07","date_gmt":"2021-05-31T22:58:07","guid":{"rendered":"http:\/\/elterritorialweb.com.ar\/web\/?p=22647"},"modified":"2021-05-31T22:58:08","modified_gmt":"2021-05-31T22:58:08","slug":"el-gobierno-destino-145-000-millones-del-aporte-solidario-para-hacer-frente-a-la-pandemia","status":"publish","type":"post","link":"https:\/\/elterritorialweb.com.ar\/web\/el-gobierno-destino-145-000-millones-del-aporte-solidario-para-hacer-frente-a-la-pandemia\/","title":{"rendered":"EL GOBIERNO DESTIN\u00d3 $145.000 MILLONES DEL APORTE SOLIDARIO PARA HACER FRENTE A LA PANDEMIA"},"content":{"rendered":"\n<p>El Tesoro Nacional comenz\u00f3 a distribuir los $145 mil millones generados hasta hoy por el Aporte Solidario y Extraordinario para hacer frente a las urgencias sanitarias y econ\u00f3micas que impone la pandemia del COVID-19.<\/p>\n\n\n\n<p>La primera distribuci\u00f3n de fondos, cobrados al 27 de mayo a contribuyentes con patrimonios superiores a los $200 millones, ya se asignaron a pol\u00edticas previstas en la Ley 27.605, que establece que los recursos extraordinarios deben destinarse a financiar la pol\u00edtica sanitaria (20%); subsidiar a las PYMES para sostener los puestos de trabajo (20%); inyectar m\u00e1s recursos en las becas Progresar (20%), mejorar condiciones habitacionales de los barrios populares (15%) y apuntalar la inversi\u00f3n en el sector gas\u00edfero (25%).<\/p>\n\n\n\n<p>El ministro de Econom\u00eda, Mart\u00edn Guzm\u00e1n, sostuvo que \u201ccada paso que damos lo hacemos con el objetivo de tranquilizar la econom\u00eda, buscando sentar condiciones que favorezcan el desarrollo humano, la inclusi\u00f3n, la inversi\u00f3n y la generaci\u00f3n de empleo. Es un camino en el que el Gobierno y el Congreso de la Naci\u00f3n trabajan de la mano\u201d.<\/p>\n\n\n\n<p>\u201cEl Aporte Solidario y Extraordinario tiene un gran valor para lidiar con los complej\u00edsimos desaf\u00edos que trae la pandemia. Nos ayuda a financiar pol\u00edticas esenciales para sostener a nuestra sociedad de pie, de una forma progresiva y que ayuda a la estabilidad macroecon\u00f3mica\u201d, agreg\u00f3.<\/p>\n\n\n\n<p>De esta manera, $29.000 millones fueron destinados al Ministerio de Salud para la compra de vacunas, medicamentos y elementos de protecci\u00f3n. Tambi\u00e9n se prev\u00e9 la adquisici\u00f3n de insumos cr\u00edticos para la prevenci\u00f3n y la compra y\/o elaboraci\u00f3n de equipamiento m\u00e9dico. Adem\u00e1s, con el objetivo de sostener el empleo y las remuneraciones de los trabajadores de las micro, peque\u00f1as y medianas empresas en el marco del programa REPRO II, se destinaron $29.000 millones al Ministerio de Trabajo.<\/p>\n\n\n\n<p>Asimismo, $22.000 millones se dirigieron al Fondo de Integraci\u00f3n Socio Urbana (FISU) para mejorar la salud y las condiciones habitacionales de los habitantes de los barrios populares, mientras que se destinaron $29.000 millones al Ministerio de Educaci\u00f3n para reforzar el PROGRESAR, que acompa\u00f1a a las y los estudiantes con un incentivo econ\u00f3mico y un importante est\u00edmulo personal en todos los niveles de formaci\u00f3n durante su trayectoria educativa y\/o acad\u00e9mica.<\/p>\n\n\n\n<p>En relaci\u00f3n a la pol\u00edtica energ\u00e9tica, se destinaron $36.000 millones a la Secretar\u00eda de Energ\u00eda para programas y proyectos de exploraci\u00f3n, desarrollo y producci\u00f3n de gas natural, actividad que resulta de inter\u00e9s p\u00fablico nacional, a trav\u00e9s de Integraci\u00f3n Energ\u00e9tica Argentina S.A. La firma viabilizar\u00e1 dichos proyectos proponiendo y acordando con YPF, en forma exclusiva, las distintas modalidades de ejecuci\u00f3n de los proyectos.<\/p>\n\n\n\n<p>Cabe destacar que dicha distribuci\u00f3n es compatible con la distribuci\u00f3n total prevista del Aporte (esto incluye lo recaudado a la fecha y, a su vez, las cuotas pendientes de pago asociadas al R\u00e9gimen de Facilidades de pago estipulado por la AFIP &#8211; RG N\u00b0 4942\/21) que se refleja en la Decisi\u00f3n Administrativa de fines de may-21 (alrededor de $225.000 millones).<\/p>\n","protected":false},"excerpt":{"rendered":"<p>Los fondos del Aporte est\u00e1n siendo destinados a la compra de vacunas, medicamentos e insumos sanitarios, asistencia a las PyMEs y los trabajadores, inversi\u00f3n en educaci\u00f3n, mejoras habitacionales en barrios populares, y el fomento de la inversi\u00f3n en el sector gas\u00edfero.<\/p>\n","protected":false},"author":2,"featured_media":22648,"comment_status":"open","ping_status":"open","sticky":false,"template":"","format":"standard","meta":{"om_disable_all_campaigns":false,"_monsterinsights_skip_tracking":false,"_monsterinsights_sitenote_active":false,"_monsterinsights_sitenote_note":"","_monsterinsights_sitenote_category":0,"_uf_show_specific_survey":0,"_uf_disable_surveys":false,"jetpack_post_was_ever_published":false,"_jetpack_newsletter_access":"","_jetpack_dont_email_post_to_subs":false,"_jetpack_newsletter_tier_id":0,"_jetpack_memberships_contains_paywalled_content":false,"_jetpack_memberships_contains_paid_content":false,"footnotes":"","jetpack_publicize_message":"","jetpack_publicize_feature_enabled":true,"jetpack_social_post_already_shared":false,"jetpack_social_options":{"image_generator_settings":{"template":"highway","default_image_id":0,"font":"","enabled":false},"version":2}},"categories":[2],"tags":[],"class_list":["post-22647","post","type-post","status-publish","format-standard","has-post-thumbnail","hentry","category-economia"],"aioseo_notices":[],"views":7,"jetpack_publicize_connections":[],"jetpack_featured_media_url":"https:\/\/i0.wp.com\/elterritorialweb.com.ar\/web\/wp-content\/uploads\/2021\/05\/APORTE-SOLIDARIO.jpg?fit=1024%2C680&ssl=1","jetpack_sharing_enabled":true,"_links":{"self":[{"href":"https:\/\/elterritorialweb.com.ar\/web\/wp-json\/wp\/v2\/posts\/22647","targetHints":{"allow":["GET"]}}],"collection":[{"href":"https:\/\/elterritorialweb.com.ar\/web\/wp-json\/wp\/v2\/posts"}],"about":[{"href":"https:\/\/elterritorialweb.com.ar\/web\/wp-json\/wp\/v2\/types\/post"}],"author":[{"embeddable":true,"href":"https:\/\/elterritorialweb.com.ar\/web\/wp-json\/wp\/v2\/users\/2"}],"replies":[{"embeddable":true,"href":"https:\/\/elterritorialweb.com.ar\/web\/wp-json\/wp\/v2\/comments?post=22647"}],"version-history":[{"count":1,"href":"https:\/\/elterritorialweb.com.ar\/web\/wp-json\/wp\/v2\/posts\/22647\/revisions"}],"predecessor-version":[{"id":22649,"href":"https:\/\/elterritorialweb.com.ar\/web\/wp-json\/wp\/v2\/posts\/22647\/revisions\/22649"}],"wp:featuredmedia":[{"embeddable":true,"href":"https:\/\/elterritorialweb.com.ar\/web\/wp-json\/wp\/v2\/media\/22648"}],"wp:attachment":[{"href":"https:\/\/elterritorialweb.com.ar\/web\/wp-json\/wp\/v2\/media?parent=22647"}],"wp:term":[{"taxonomy":"category","embeddable":true,"href":"https:\/\/elterritorialweb.com.ar\/web\/wp-json\/wp\/v2\/categories?post=22647"},{"taxonomy":"post_tag","embeddable":true,"href":"https:\/\/elterritorialweb.com.ar\/web\/wp-json\/wp\/v2\/tags?post=22647"}],"curies":[{"name":"wp","href":"https:\/\/api.w.org\/{rel}","templated":true}]}}