{"id":22662,"date":"2021-06-01T05:11:47","date_gmt":"2021-06-01T05:11:47","guid":{"rendered":"http:\/\/elterritorialweb.com.ar\/web\/?p=22662"},"modified":"2021-06-01T18:32:41","modified_gmt":"2021-06-01T18:32:41","slug":"coronavirus-en-santiago-se-confirmaron-426-casos-positivos-en-la-provincia","status":"publish","type":"post","link":"https:\/\/elterritorialweb.com.ar\/web\/coronavirus-en-santiago-se-confirmaron-426-casos-positivos-en-la-provincia\/","title":{"rendered":"CORONAVIRUS EN SANTIAGO: SE CONFIRMARON 426 CASOS POSITIVOS EN LA PROVINCIA"},"content":{"rendered":"\n<p><br>Se recuperaron doscientos un (201) casos el d\u00eda de hoy, por lo que son treinta y un mil cuatrocientos veinticuatro (31.424) los casos recuperados en la provincia.<br><strong>Se notificaron el d\u00eda de hoy diez (10) personas fallecidas con diagn\u00f3stico de COVID-19. Un hombre de 47 a\u00f1os con antecedentes de obesidad m\u00f3rbida, que estaba internado en el Hospital del Depto Copo; un hombre de 69 a\u00f1os con antecedentes de ACV y una mujer de 82 a\u00f1os, ambos internados en el Hospital del Dpto. Quebrachos. Una mujer de 22 a\u00f1os con hipertensi\u00f3n inducida por el embarazo que estaba internada en el CIS Banda. Un hombre de 85 a\u00f1os con antecedentes de hipertensi\u00f3n del Dpto Moreno que estaba internado en el CIS Banda. Un hombre de 49 a\u00f1os que estaba internado en el Hospital independencia. Una mujer de 28 a\u00f1os del Dpto Avellaneda que estaba internada en el Hospital Regional. Un hombre de 59 a\u00f1os con antecedentes de diabetes, hipertensi\u00f3n y obesidad m\u00f3rbida y una mujer de 62 a\u00f1os con antecedentes de hipertensi\u00f3n y diabetes, ambos internados en el Hospital Regional. Una mujer de 66 a\u00f1os de Dpto Quebrachos que estaba internada en un sanatorio privado de la ciudad de La Banda<\/strong>.<br>Hay un total de quinientos tres (503) personas positivas fallecidas en la provincia<br>Se procesaron un total de mil doscientos treinta y cinco (1.235) muestras el d\u00eda de hoy.<br><strong>Se confirmaron cuatrocientos veintis\u00e9is (426) casos, Capital-Banda (203) e interior de la provincia (223) distribuidos de la siguiente manera: Abra Grande 1; A\u00f1atuya 4; Arraga 1; Bandera 12; Brea Pozo 1; Campo Gallo 22; Ca\u00f1ada del Monte 1; Cardon Esquina 2; Chauchillas 1; Clodomira 1; Colonia Tinco 1; Colonia El Simbolar 1; El Mojon 6;El Porvenir 3; Frias 2; Garza 4; Guampacha 1; Guardia Escolta 1; Herrera 7; Ica\u00f1o 1; La Ca\u00f1ada 4; Loreto 1; Los Juries 3; Los Pirpintos 4; Los Romanos 1; Los Telares 2; Los Ralos 1; Lugones 9; Malbran 2; Maravilla 1; Matara 2; Melero 6; Nueva Esperanza 1; Nueva Francia 1; Pampa de los Guanacos 31; Pinto 1; Pozo del Toba 1; Quebracho Coto 1; Quimili 6; Real Sayana 1; San Pedro de Guasayan 9; San Vicente 2; Santo Domingo 1; Suncho Corral 6; Taca\u00f1itas 1; Termas 43; Tusca Pozo 1; Villa Figueroa 5; Villa Jimenez 2; Villa La Punta 1; Vinara 1<\/strong>.<br>Permanecen activos trece mil cuatrocientos sesenta y cuatro (13.464) casos en la provincia.<br>El total de casos positivos acumulados es de cuarenta y cuatro mil novecientos noventa y ocho (44.998)<br>Se descartaron ochocientos nueve (809) casos el d\u00eda de hoy, por lo que hay ciento cuarenta y tres mil doscientos cuarenta y ocho (143.248) casos descartados a la fecha.<\/p>\n\n\n\n<p><strong>Importante:\u00a0<\/strong>La diferencia de casos acumulados, y difundidos en el reporte nacional, obedece a diferentes horarios de carga y a santiague\u00f1os que residen en otras provincias pero que no tienen realizado el cambio de domicilio legal en su DNI. Se ha solicitado el correspondiente pedido de reclasificaci\u00f3n de los casos excedentes cargados para nuestra provincia.<\/p>\n\n\n\n<p><strong>RECOMENDACIONES<\/strong><\/p>\n\n\n\n<p>Se recuerda que TODAS las personas que son contacto estrecho de casos positivos que DEBEN realizar un AISLAMIENTO SANITARIO OBLIGATORIO de 14 d\u00edas, aunque no presenten s\u00edntomas e independientemente si fueron hisopados y su resultado fue no detectable (negativo).<\/p>\n\n\n\n<p>Durante el aislamiento sanitario las personas no pueden salir de su hogar ni recibir visitas y deben cumplir con las medidas de prevenci\u00f3n indicadas por las autoridades sanitarias.<\/p>\n\n\n\n<p>Ante la presencia de fiebre mayor o igual a 37,5\u00b0 y s\u00edntomas respiratorios como tos, dolor de garganta, dificultad para respirar, adem\u00e1s de falta de gusto y olfato de reciente aparici\u00f3n, y tambi\u00e9n cefalea, diarrea y\/o v\u00f3mitos o al haber estado en contacto con un caso confirmado, se insta a la poblaci\u00f3n a que haga un contacto de inmediato con el sistema de salud contact\u00e1ndose con su centro de salud m\u00e1s cercano o comunic\u00e1ndose al 107 y evite el contacto social<\/p>\n\n\n\n<p>Tambi\u00e9n se recuerda que se realiza el hisopado a los contactos estrechos de casos positivos que presenten s\u00edntomas o que tengan factores de riesgo (mayores de 60 a\u00f1os, embarazadas, inmunocomprometidos, enfermos oncol\u00f3gicos o dializados).<\/p>\n\n\n\n<p>Recordemos continuar respetando las medidas de distancia f\u00edsica y lavarnos frecuentemente las manos con agua y jab\u00f3n. Si necesitamos salir usemos el barbijo correctamente sin tocarlo ni tocarnos la cara.<\/p>\n\n\n\n<p>Respetar todos los protocolos vigentes y las actividades permitidas, y no realizar reuniones sociales o familiares evitando contacto estrecho con personas que no sean convivientes.<\/p>\n","protected":false},"excerpt":{"rendered":"<p>Informe del Ministerio de Salud de la provincia de Santiago del Estero.<\/p>\n","protected":false},"author":2,"featured_media":15808,"comment_status":"open","ping_status":"open","sticky":false,"template":"","format":"standard","meta":{"om_disable_all_campaigns":false,"_monsterinsights_skip_tracking":false,"_monsterinsights_sitenote_active":false,"_monsterinsights_sitenote_note":"","_monsterinsights_sitenote_category":0,"_uf_show_specific_survey":0,"_uf_disable_surveys":false,"jetpack_post_was_ever_published":false,"_jetpack_newsletter_access":"","_jetpack_dont_email_post_to_subs":false,"_jetpack_newsletter_tier_id":0,"_jetpack_memberships_contains_paywalled_content":false,"_jetpack_memberships_contains_paid_content":false,"footnotes":"","jetpack_publicize_message":"","jetpack_publicize_feature_enabled":true,"jetpack_social_post_already_shared":false,"jetpack_social_options":{"image_generator_settings":{"template":"highway","default_image_id":0,"font":"","enabled":false},"version":2}},"categories":[3],"tags":[],"class_list":["post-22662","post","type-post","status-publish","format-standard","has-post-thumbnail","hentry","category-salud"],"aioseo_notices":[],"views":9,"jetpack_publicize_connections":[],"jetpack_featured_media_url":"https:\/\/i0.wp.com\/elterritorialweb.com.ar\/web\/wp-content\/uploads\/2021\/01\/REPORTE-DIARIO-19-DE-ENERO-1.jpg?fit=1280%2C960&ssl=1","jetpack_sharing_enabled":true,"_links":{"self":[{"href":"https:\/\/elterritorialweb.com.ar\/web\/wp-json\/wp\/v2\/posts\/22662","targetHints":{"allow":["GET"]}}],"collection":[{"href":"https:\/\/elterritorialweb.com.ar\/web\/wp-json\/wp\/v2\/posts"}],"about":[{"href":"https:\/\/elterritorialweb.com.ar\/web\/wp-json\/wp\/v2\/types\/post"}],"author":[{"embeddable":true,"href":"https:\/\/elterritorialweb.com.ar\/web\/wp-json\/wp\/v2\/users\/2"}],"replies":[{"embeddable":true,"href":"https:\/\/elterritorialweb.com.ar\/web\/wp-json\/wp\/v2\/comments?post=22662"}],"version-history":[{"count":1,"href":"https:\/\/elterritorialweb.com.ar\/web\/wp-json\/wp\/v2\/posts\/22662\/revisions"}],"predecessor-version":[{"id":22668,"href":"https:\/\/elterritorialweb.com.ar\/web\/wp-json\/wp\/v2\/posts\/22662\/revisions\/22668"}],"wp:featuredmedia":[{"embeddable":true,"href":"https:\/\/elterritorialweb.com.ar\/web\/wp-json\/wp\/v2\/media\/15808"}],"wp:attachment":[{"href":"https:\/\/elterritorialweb.com.ar\/web\/wp-json\/wp\/v2\/media?parent=22662"}],"wp:term":[{"taxonomy":"category","embeddable":true,"href":"https:\/\/elterritorialweb.com.ar\/web\/wp-json\/wp\/v2\/categories?post=22662"},{"taxonomy":"post_tag","embeddable":true,"href":"https:\/\/elterritorialweb.com.ar\/web\/wp-json\/wp\/v2\/tags?post=22662"}],"curies":[{"name":"wp","href":"https:\/\/api.w.org\/{rel}","templated":true}]}}