{"id":22677,"date":"2021-06-01T18:29:44","date_gmt":"2021-06-01T18:29:44","guid":{"rendered":"http:\/\/elterritorialweb.com.ar\/web\/?p=22677"},"modified":"2021-06-01T18:30:03","modified_gmt":"2021-06-01T18:30:03","slug":"aguero-llego-a-la-argentina-y-se-sumo-a-la-seleccion","status":"publish","type":"post","link":"https:\/\/elterritorialweb.com.ar\/web\/aguero-llego-a-la-argentina-y-se-sumo-a-la-seleccion\/","title":{"rendered":"AG\u00dcERO LLEG\u00d3 A LA ARGENTINA Y SE SUM\u00d3 A LA SELECCI\u00d3N"},"content":{"rendered":"\n<p>Tras firmar contrato contrato ayer con Barcelona,\u00a0<strong>Sergio Ag\u00fcero lleg\u00f3 a Buenos Aires para sumarse a la Selecci\u00f3n Argentina\u00a0<\/strong>de cara a los encuentros por Eliminatorias ante Chile y Colombia, el 3 y 8 de junio respectivamente, y a la salida del aeropuerto\u00a0<strong>opin\u00f3 sobre la cancelaci\u00f3n de la Copa Am\u00e9rica 2021 en suelo albiceleste.<\/strong>\u00a0Adem\u00e1s,\u00a0<strong>se refiri\u00f3 a su nueva etapa en el Cul\u00e9 y a la ilusi\u00f3n de compartir equipo con Lionel Messi.<\/strong><\/p>\n\n\n\n<p><em><strong>\u00abEst\u00e1 claro que no la estamos pasando bien ac\u00e1 y creo que es una decisi\u00f3n de la Conmebol muy correcta\u00bb<\/strong><\/em>, dijo el Kun con respecto a la decisi\u00f3n que tom\u00f3 el ente que regula f\u00fatbol sudamericano de suspender el torneo continental de selecciones previsto a desarrollarse en Argentina.<\/p>\n\n\n\n<p>Asimismo, fue consultado\u00a0<strong>sobre la resoluci\u00f3n que tom\u00f3 Conmebol de trasladar la Copa Am\u00e9rica a Brasil<\/strong>, donde la situaci\u00f3n sanitaria no es la mejor.<em>\u00a0<strong>\u00abSi est\u00e1 complicado, no se puede jugar\u00bb<\/strong><\/em>, asegur\u00f3 Ag\u00fcero. Y,\u00a0<strong>sobre una posible cancelaci\u00f3n definitiva<\/strong>, lanz\u00f3:\u00a0<em>\u00abEs muy dif\u00edcil la opini\u00f3n, pero\u00a0<strong>nosotros como jugadores queremos jugarla, est\u00e1 claro. El tema es buscar un buen lugar para que se pueda jugar. No hay tiempo, ya se perdi\u00f3 el a\u00f1o pasado. Hubo un a\u00f1o para ver d\u00f3nde se pod\u00eda hacer y lo que pod\u00eda llegar a pasar, pero esto cada mes va cambiando<\/strong>\u00ab.<\/em><\/p>\n\n\n\n<h4 class=\"wp-block-heading\">Ag\u00fcero, de su alegr\u00eda por llegar a Barcelona a la ilusi\u00f3n de jugar con Messi<\/h4>\n\n\n\n<p><em><strong>\u00abEstoy muy contento. Es un nuevo desaf\u00edo para m\u00ed, espero poder disfrutarlo\u00bb<\/strong><\/em>, manifest\u00f3 el Kun en relaci\u00f3n a su llegada al Cul\u00e9, tras jugar 10 temporadas consecutivas con la camiseta de Manchester City.<\/p>\n\n\n\n<p>Asimismo,&nbsp;<strong>Ag\u00fcero se ilusion\u00f3 con poder en Barcelona junto a Lionel Messi<\/strong>, quien a\u00fan debe decidir si renovar\u00e1 o no su v\u00ednculo con el club, aunque fue cauto.&nbsp;<em><strong>\u00abPrimero tiene que arreglar \u00e9l, a ver qu\u00e9 va a hacer\u00bb<\/strong><\/em>,&nbsp; dijo el atacante<\/p>\n\n\n\n<p>En la misma l\u00ednea,&nbsp;<strong>el Kun cont\u00f3 que, pese a sus ganas de jugar con Messi, no le insiste para que se quede.<\/strong>&nbsp;<em><strong>\u00ab\u00c9l ya es grande. Son cosas que las estar\u00e1n viendo su representante con el club. Obviamente que me gustar\u00eda que est\u00e9\u00bb<\/strong><\/em>, declar\u00f3. Y cerr\u00f3:&nbsp;<em><strong>\u00abSiempre hablo, pero no puedo decir lo que hablamos. Secreto, je\u00bb.<\/strong><\/em><\/p>\n","protected":false},"excerpt":{"rendered":"<p>El Kun calific\u00f3 de \u00abmuy correcta\u00bb la decisi\u00f3n de Conmebol de suspender el torneo continental en suelo albiceleste y se refiri\u00f3 a la continuidad de Messi en el Cul\u00e9.<\/p>\n","protected":false},"author":2,"featured_media":22678,"comment_status":"open","ping_status":"open","sticky":false,"template":"","format":"standard","meta":{"om_disable_all_campaigns":false,"_monsterinsights_skip_tracking":false,"_monsterinsights_sitenote_active":false,"_monsterinsights_sitenote_note":"","_monsterinsights_sitenote_category":0,"_uf_show_specific_survey":0,"_uf_disable_surveys":false,"jetpack_post_was_ever_published":false,"_jetpack_newsletter_access":"","_jetpack_dont_email_post_to_subs":false,"_jetpack_newsletter_tier_id":0,"_jetpack_memberships_contains_paywalled_content":false,"_jetpack_memberships_contains_paid_content":false,"footnotes":"","jetpack_publicize_message":"","jetpack_publicize_feature_enabled":true,"jetpack_social_post_already_shared":false,"jetpack_social_options":{"image_generator_settings":{"template":"highway","default_image_id":0,"font":"","enabled":false},"version":2}},"categories":[6],"tags":[],"class_list":["post-22677","post","type-post","status-publish","format-standard","has-post-thumbnail","hentry","category-deportes"],"aioseo_notices":[],"views":6,"jetpack_publicize_connections":[],"jetpack_featured_media_url":"https:\/\/i0.wp.com\/elterritorialweb.com.ar\/web\/wp-content\/uploads\/2021\/06\/KUN-AGUERO.jpg?fit=862%2C485&ssl=1","jetpack_sharing_enabled":true,"_links":{"self":[{"href":"https:\/\/elterritorialweb.com.ar\/web\/wp-json\/wp\/v2\/posts\/22677","targetHints":{"allow":["GET"]}}],"collection":[{"href":"https:\/\/elterritorialweb.com.ar\/web\/wp-json\/wp\/v2\/posts"}],"about":[{"href":"https:\/\/elterritorialweb.com.ar\/web\/wp-json\/wp\/v2\/types\/post"}],"author":[{"embeddable":true,"href":"https:\/\/elterritorialweb.com.ar\/web\/wp-json\/wp\/v2\/users\/2"}],"replies":[{"embeddable":true,"href":"https:\/\/elterritorialweb.com.ar\/web\/wp-json\/wp\/v2\/comments?post=22677"}],"version-history":[{"count":2,"href":"https:\/\/elterritorialweb.com.ar\/web\/wp-json\/wp\/v2\/posts\/22677\/revisions"}],"predecessor-version":[{"id":22680,"href":"https:\/\/elterritorialweb.com.ar\/web\/wp-json\/wp\/v2\/posts\/22677\/revisions\/22680"}],"wp:featuredmedia":[{"embeddable":true,"href":"https:\/\/elterritorialweb.com.ar\/web\/wp-json\/wp\/v2\/media\/22678"}],"wp:attachment":[{"href":"https:\/\/elterritorialweb.com.ar\/web\/wp-json\/wp\/v2\/media?parent=22677"}],"wp:term":[{"taxonomy":"category","embeddable":true,"href":"https:\/\/elterritorialweb.com.ar\/web\/wp-json\/wp\/v2\/categories?post=22677"},{"taxonomy":"post_tag","embeddable":true,"href":"https:\/\/elterritorialweb.com.ar\/web\/wp-json\/wp\/v2\/tags?post=22677"}],"curies":[{"name":"wp","href":"https:\/\/api.w.org\/{rel}","templated":true}]}}