{"id":22682,"date":"2021-06-01T19:20:11","date_gmt":"2021-06-01T19:20:11","guid":{"rendered":"http:\/\/elterritorialweb.com.ar\/web\/?p=22682"},"modified":"2021-06-01T19:21:47","modified_gmt":"2021-06-01T19:21:47","slug":"el-gobernador-zamora-anuncio-beneficios-a-sectores-comerciales-gastronomicos-hoteleros-y-turisticos","status":"publish","type":"post","link":"https:\/\/elterritorialweb.com.ar\/web\/el-gobernador-zamora-anuncio-beneficios-a-sectores-comerciales-gastronomicos-hoteleros-y-turisticos\/","title":{"rendered":"EL GOBERNADOR ZAMORA ANUNCI\u00d3 BENEFICIOS A SECTORES COMERCIALES, GASTRON\u00d3MICOS, HOTELEROS Y TUR\u00cdSTICOS"},"content":{"rendered":"\n<p>Este martes el gobernador&nbsp;<strong>Gerardo Zamora<\/strong>, acompa\u00f1ado por el&nbsp;<strong>jefe de Gabinete El\u00edas Su\u00e1rez<\/strong>&nbsp;y otro funcionarios, mantuvieron un encuentro con representantes del sector comercial, as\u00ed como gastron\u00f3mico, hotelero y de turismo de la provincia, para dialogar en torno a medidas que respalden estas actividades afectadas directamente por la pandemia de&nbsp;<strong>coronavirus<\/strong>.<\/p>\n\n\n\n<p><strong>ACTA DE ACUERDO<\/strong><\/p>\n\n\n\n<p><em>En la Ciudad de Santiago del Estero a los un (01) d\u00edas del mes de junio del a\u00f1o dos mil veintiuno, se re\u00fanen el Se\u00f1or Gobernador de la Provincia Dr. Gerardo Zamora, Se\u00f1ores Ministros del Gabinete Provincial y Representantes de C\u00e1maras e Instituciones Intermedias enunciada a continuaci\u00f3n : C\u00e1mara de Comercio e Industria de Santiago del Estero, La Banda, Termas de R\u00edo Hondo y Fr\u00edas. C\u00e1mara Empresario, Hotelera y Gastron\u00f3mica de Termas de R\u00edo Hondo. C\u00e1mara Empresaria, Hotelera y Gastron\u00f3mica de Santiago del Estero. Bureau de Convenciones de Santiago del Estero y C\u00e1mara de Turismo de Santiago del Estero. Las que luego de exponer y ser escuchadas sobre los efectos causados por la pandemia de COVID 19 en amplios sectores del trabajo, peque\u00f1os productores y el comercio en Santiago del Estero, el Gobierno de la Provincia tom\u00f3 la decisi\u00f3n de disponer recursos en una serie de medidas en beneficios de dichos sectores afectados, con la finalidad de sumar apoyo con ello, a otras acciones que el Gobierno Nacional viene realizando en este sentido, con el objetivo de paliar en parte, la cr\u00edtica situaci\u00f3n por la que atraviesan estos sectores ; las que a continuaci\u00f3n se detallan : <\/em><\/p>\n\n\n\n<p><strong><em>AYUDAS ECONOMICAS<\/em><\/strong><\/p>\n\n\n\n<p><em>1.-Ayuda econ\u00f3mica de $ 25.000,00 (Pesos veinticinco mil) a trabajadores independientes encuadrados en el R\u00e9gimen Simplificado para Peque\u00f1os Contribuyentes (MONOTRIBUTISTAS), los que no deber\u00e1n revestir ning\u00fan tipo de relaci\u00f3n contractual o de dependencia con el Estado Provincial.<\/em> <\/p>\n\n\n\n<p><em>2.-Apoyo econ\u00f3mico a propietarios de comercios minoristas en los rubros de indumentaria, calzado, marroquiner\u00eda, electr\u00f3nica, electrodom\u00e9sticos, juegos y juguetes, cuidado personal, pinturer\u00edas, materiales para construcci\u00f3n, decoraci\u00f3n y art\u00edculos de librer\u00eda e insumos inform\u00e1ticos, Bares, restaurantes, salones de eventos; canchas de f\u00fatbol y P\u00e1del; perfumer\u00edas; hoteles y otras actividades no consideradas como esenciales, que cuenten con personal en relaci\u00f3n de dependencia a su cargo: a) Hasta 7 (siete) empleados registrados un importe de $ 70.000,00 (Pesos setenta mil).b) Mas de 8 (ocho) empleados registrados un importe de $ 140.000,00 (Pesos ciento cuarenta mil).<\/em><\/p>\n\n\n\n<p><em>3.-Ayuda econ\u00f3mica de $ 35.000,00 (Pesos treinta y cinco mil) a Productores Minifundistas dedicados a la producci\u00f3n de algod\u00f3n, ma\u00edz, alfa, cucurbit\u00e1ceas y productores ap\u00edcolas, siempre que los beneficiarios no se encuentren bajo relaci\u00f3n contractual o de dependencia con el Estado Provincial.<\/em><\/p>\n\n\n\n<p><em>4.- Ayuda Extraordinaria de $ 25.000,00 (Pesos veinticinco mil) a beneficiarios del Programa de asistencia creado por DECTO-2020-876-E-GDESDE-GSDE destinado a trabajadores de la Cultura, Turismo, Deporte, Recreaci\u00f3n, Gastron\u00f3micos y otros beneficiarios no comprendidos en ninguno de los apartados anteriores.<\/em><\/p>\n\n\n\n<p><em>5.- Monto extraordinario de $ 5000 para:<\/em><\/p>\n\n\n\n<p><em>a) Beneficiarios de tarjetas sociales alimentarias provinciales.<\/em><\/p>\n\n\n\n<p><em>b)Beneficiarios del Plan de Emergencia Provincial.<\/em><\/p>\n\n\n\n<p><strong><em>BENEFICIOS IMPOSITIVOS <\/em><\/strong><\/p>\n\n\n\n<p><em>1.- Exenci\u00f3n del pago del 100% del Impuesto sobre los Ingresos Brutos para responsables del tributo que desarrollen actividades consideradas cr\u00edticas (incluidas en el Anexo I de la Resoluci\u00f3n 201\/2021 del Ministerio de Trabajo de la Naci\u00f3n) por los per\u00edodos fiscales de Mayo, Junio y Julio del corriente a\u00f1o.<\/em><\/p>\n\n\n\n<p><em>2.- Reducci\u00f3n del pago del 50% del Impuesto sobre los Ingresos Brutos para responsables del tributo que desarrollen actividades no comprendidas en las del numeral anterior por los per\u00edodos fiscales de Mayo a Diciembre del corriente a\u00f1o.<\/em><\/p>\n\n\n\n<p><em>3.- Exenci\u00f3n del pago del 100% del Impuesto sobre los Ingresos Brutos para responsables del tributo que desarrollen actividades relacionadas con la salud prioritarias durante la Pandemia de Covid-19 comprendidas en la Ley 7.317\/2021, que comprende a cl\u00ednicas, sanatorios, etc, por los per\u00edodos fiscales de Abril a Setiembre del corriente a\u00f1o.<\/em><\/p>\n\n\n\n<p><strong><em>BENEFICIOS FINANCIEROS<\/em><\/strong><\/p>\n\n\n\n<p><em>1.- Cr\u00e9ditos a ser otorgados por la Caja Social de hasta $ 300.000,00 (Pesos trescientos mil) a los titulares empresariales que desarrollen actividades consideradas cr\u00edticas (incluidas en el Anexo I de la Resoluci\u00f3n 201\/2021 del Ministerio de Trabajo de la Naci\u00f3n), a ser devueltos sin intereses contra la entrega como \u00fanica garant\u00eda de seis (06) cheques iguales y consecutivos con vencimientos mensuales.<\/em><\/p>\n\n\n\n<p><strong><em>BENEFICIOS EN EL SERVICIO ELECTRICO<\/em><\/strong> <\/p>\n\n\n\n<p><em>A Las actividades relacionadas con la Hoteler\u00eda, Turismo e Industriales con Altos Consumos de Energ\u00eda El\u00e9ctrica, los que solo abonar\u00e1n el consumo registrado, quedando exceptuados de pagar la diferencia por convenio celebrado, en base a la potencia demandada, desde el 1 de junio hasta fines del corriente a\u00f1o.<\/em><\/p>\n\n\n\n<p><em>Los participantes, firman de com\u00fan acuerdo el el presente acta .<\/em><\/p>\n","protected":false},"excerpt":{"rendered":"<p>Tras la misma, se firm\u00f3 un acta donde el Gobierno formaliza beneficios financieros y crediticios por m\u00e1s de $2200 millones con fondos provinciales.<\/p>\n","protected":false},"author":2,"featured_media":22683,"comment_status":"open","ping_status":"open","sticky":false,"template":"","format":"standard","meta":{"om_disable_all_campaigns":false,"_monsterinsights_skip_tracking":false,"_monsterinsights_sitenote_active":false,"_monsterinsights_sitenote_note":"","_monsterinsights_sitenote_category":0,"_uf_show_specific_survey":0,"_uf_disable_surveys":false,"jetpack_post_was_ever_published":false,"_jetpack_newsletter_access":"","_jetpack_dont_email_post_to_subs":false,"_jetpack_newsletter_tier_id":0,"_jetpack_memberships_contains_paywalled_content":false,"_jetpack_memberships_contains_paid_content":false,"footnotes":"","jetpack_publicize_message":"","jetpack_publicize_feature_enabled":true,"jetpack_social_post_already_shared":false,"jetpack_social_options":{"image_generator_settings":{"template":"highway","default_image_id":0,"font":"","enabled":false},"version":2}},"categories":[21],"tags":[],"class_list":["post-22682","post","type-post","status-publish","format-standard","has-post-thumbnail","hentry","category-locales"],"aioseo_notices":[],"views":4,"jetpack_publicize_connections":[],"jetpack_featured_media_url":"https:\/\/i0.wp.com\/elterritorialweb.com.ar\/web\/wp-content\/uploads\/2021\/06\/ZAMORA-ANUNCIO.jpg?fit=919%2C600&ssl=1","jetpack_sharing_enabled":true,"_links":{"self":[{"href":"https:\/\/elterritorialweb.com.ar\/web\/wp-json\/wp\/v2\/posts\/22682","targetHints":{"allow":["GET"]}}],"collection":[{"href":"https:\/\/elterritorialweb.com.ar\/web\/wp-json\/wp\/v2\/posts"}],"about":[{"href":"https:\/\/elterritorialweb.com.ar\/web\/wp-json\/wp\/v2\/types\/post"}],"author":[{"embeddable":true,"href":"https:\/\/elterritorialweb.com.ar\/web\/wp-json\/wp\/v2\/users\/2"}],"replies":[{"embeddable":true,"href":"https:\/\/elterritorialweb.com.ar\/web\/wp-json\/wp\/v2\/comments?post=22682"}],"version-history":[{"count":3,"href":"https:\/\/elterritorialweb.com.ar\/web\/wp-json\/wp\/v2\/posts\/22682\/revisions"}],"predecessor-version":[{"id":22686,"href":"https:\/\/elterritorialweb.com.ar\/web\/wp-json\/wp\/v2\/posts\/22682\/revisions\/22686"}],"wp:featuredmedia":[{"embeddable":true,"href":"https:\/\/elterritorialweb.com.ar\/web\/wp-json\/wp\/v2\/media\/22683"}],"wp:attachment":[{"href":"https:\/\/elterritorialweb.com.ar\/web\/wp-json\/wp\/v2\/media?parent=22682"}],"wp:term":[{"taxonomy":"category","embeddable":true,"href":"https:\/\/elterritorialweb.com.ar\/web\/wp-json\/wp\/v2\/categories?post=22682"},{"taxonomy":"post_tag","embeddable":true,"href":"https:\/\/elterritorialweb.com.ar\/web\/wp-json\/wp\/v2\/tags?post=22682"}],"curies":[{"name":"wp","href":"https:\/\/api.w.org\/{rel}","templated":true}]}}