{"id":22687,"date":"2021-06-01T19:27:31","date_gmt":"2021-06-01T19:27:31","guid":{"rendered":"http:\/\/elterritorialweb.com.ar\/web\/?p=22687"},"modified":"2021-06-01T19:28:53","modified_gmt":"2021-06-01T19:28:53","slug":"el-gobernador-zamora-recibio-la-promera-dosis-de-la-vacuna-contra-el-coronavirus","status":"publish","type":"post","link":"https:\/\/elterritorialweb.com.ar\/web\/el-gobernador-zamora-recibio-la-promera-dosis-de-la-vacuna-contra-el-coronavirus\/","title":{"rendered":"GERARDO ZAMORA RECIBI\u00d3 LA PRIMERA DOSIS DE LA VACUNA CONTRA EL CORONAVIRUS"},"content":{"rendered":"\n<p>A trav\u00e9s de su Facebook,\u00a0<strong>agradeci\u00f3 a todos los integrantes del programa de vacunaci\u00f3n por la formidable tarea\u00a0<\/strong>que est\u00e1n llevando adelante.<\/p>\n\n\n\n<p><strong>\u00abTengo 57 a\u00f1os y por lo tanto hoy me tocaba a m\u00ed como a muchos hermanos santiague\u00f1os, porque estamos vacunando de los 55 a los 59 a\u00f1os\u00bb<\/strong>, comenz\u00f3 diciendo el primer mandatario.<\/p>\n\n\n\n<p>Adem\u00e1s dijo que&nbsp;<strong>\u00abesta semana vamos a estar terminando de vacunar a todos los mayores de 50 a\u00f1os en muchas ciudades de la provincia y esperemos que la semana que viene podamos estar vacunando a gente de menos edad porque el virus est\u00e1 cada vez m\u00e1s agresivo con gente joven\u00bb<\/strong>.<\/p>\n\n\n\n<p>Por \u00faltimo,\u00a0<strong>pidi\u00f3 \u00abque los que tenemos la posibilidad de que ya nos hemos vacunando cuid\u00e9monos bien dos semanas\u00bb<\/strong>.<\/p>\n\n\n\n<iframe data-src=\"https:\/\/www.facebook.com\/plugins\/video.php?href=https%3A%2F%2Fwww.facebook.com%2FzamoraSDE%2Fvideos%2F1104293516733309%2F&#038;show_text=0&#038;width=560\" width=\"560\" height=\"308\" style=\"border:none;overflow:hidden\" scrolling=\"no\" frameborder=\"0\" allowfullscreen=\"true\" allow=\"autoplay; clipboard-write; encrypted-media; picture-in-picture; web-share\" allowFullScreen=\"true\" src=\"data:image\/svg+xml;base64,PHN2ZyB3aWR0aD0iMSIgaGVpZ2h0PSIxIiB4bWxucz0iaHR0cDovL3d3dy53My5vcmcvMjAwMC9zdmciPjwvc3ZnPg==\" class=\"lazyload\" data-load-mode=\"1\"><\/iframe>\n","protected":false},"excerpt":{"rendered":"<p>El gobernador de la provincia de Santiago del Estero, Dr. Gerardo Zamora, recibi\u00f3 este martes su primera dosis de vacuna contra el coronavirus en las instalaciones del club Dorrego, de esta Capital.<\/p>\n","protected":false},"author":2,"featured_media":22688,"comment_status":"open","ping_status":"open","sticky":false,"template":"","format":"standard","meta":{"om_disable_all_campaigns":false,"_monsterinsights_skip_tracking":false,"_monsterinsights_sitenote_active":false,"_monsterinsights_sitenote_note":"","_monsterinsights_sitenote_category":0,"_uf_show_specific_survey":0,"_uf_disable_surveys":false,"jetpack_post_was_ever_published":false,"_jetpack_newsletter_access":"","_jetpack_dont_email_post_to_subs":false,"_jetpack_newsletter_tier_id":0,"_jetpack_memberships_contains_paywalled_content":false,"_jetpack_memberships_contains_paid_content":false,"footnotes":"","jetpack_publicize_message":"","jetpack_publicize_feature_enabled":true,"jetpack_social_post_already_shared":false,"jetpack_social_options":{"image_generator_settings":{"template":"highway","default_image_id":0,"font":"","enabled":false},"version":2}},"categories":[3],"tags":[],"class_list":["post-22687","post","type-post","status-publish","format-standard","has-post-thumbnail","hentry","category-salud"],"aioseo_notices":[],"views":11,"jetpack_publicize_connections":[],"jetpack_featured_media_url":"https:\/\/i0.wp.com\/elterritorialweb.com.ar\/web\/wp-content\/uploads\/2021\/06\/ZAMORA-VACUNA.jpg?fit=1010%2C567&ssl=1","jetpack_sharing_enabled":true,"_links":{"self":[{"href":"https:\/\/elterritorialweb.com.ar\/web\/wp-json\/wp\/v2\/posts\/22687","targetHints":{"allow":["GET"]}}],"collection":[{"href":"https:\/\/elterritorialweb.com.ar\/web\/wp-json\/wp\/v2\/posts"}],"about":[{"href":"https:\/\/elterritorialweb.com.ar\/web\/wp-json\/wp\/v2\/types\/post"}],"author":[{"embeddable":true,"href":"https:\/\/elterritorialweb.com.ar\/web\/wp-json\/wp\/v2\/users\/2"}],"replies":[{"embeddable":true,"href":"https:\/\/elterritorialweb.com.ar\/web\/wp-json\/wp\/v2\/comments?post=22687"}],"version-history":[{"count":3,"href":"https:\/\/elterritorialweb.com.ar\/web\/wp-json\/wp\/v2\/posts\/22687\/revisions"}],"predecessor-version":[{"id":22692,"href":"https:\/\/elterritorialweb.com.ar\/web\/wp-json\/wp\/v2\/posts\/22687\/revisions\/22692"}],"wp:featuredmedia":[{"embeddable":true,"href":"https:\/\/elterritorialweb.com.ar\/web\/wp-json\/wp\/v2\/media\/22688"}],"wp:attachment":[{"href":"https:\/\/elterritorialweb.com.ar\/web\/wp-json\/wp\/v2\/media?parent=22687"}],"wp:term":[{"taxonomy":"category","embeddable":true,"href":"https:\/\/elterritorialweb.com.ar\/web\/wp-json\/wp\/v2\/categories?post=22687"},{"taxonomy":"post_tag","embeddable":true,"href":"https:\/\/elterritorialweb.com.ar\/web\/wp-json\/wp\/v2\/tags?post=22687"}],"curies":[{"name":"wp","href":"https:\/\/api.w.org\/{rel}","templated":true}]}}