{"id":22693,"date":"2021-06-01T22:55:43","date_gmt":"2021-06-01T22:55:43","guid":{"rendered":"http:\/\/elterritorialweb.com.ar\/web\/?p=22693"},"modified":"2021-06-01T22:55:44","modified_gmt":"2021-06-01T22:55:44","slug":"anuncian-un-bono-aguinaldo-de-15-000-para-el-personal-de-la-adminitracion-publica","status":"publish","type":"post","link":"https:\/\/elterritorialweb.com.ar\/web\/anuncian-un-bono-aguinaldo-de-15-000-para-el-personal-de-la-adminitracion-publica\/","title":{"rendered":"ANUNCIAN UN \u00abBONO AGUINALDO\u00bb DE $ 15.000 PARA EL PERSONAL DE LA ADMINITRACI\u00d3N P\u00daBLICA"},"content":{"rendered":"\n<p>El mandatario provincial  junto a los Ministros del Gabinete Provincial se reunieron con los representantes de la Mesa de Dialogo y del Trabajo donde se anunciaron ayudas destinadas a trabajadores del Sector P\u00fablico Provincial, que a continuaci\u00f3n se detallan:<\/p>\n\n\n\n<p>1) El pago de un \u201cBono Aguinaldo\u201d de $ 15.000,00 (Pesos quince mil).El mismo ser\u00e1 abonado junto con el Medio Aguinaldo (ambos sin ning\u00fan descuento) con fecha 1 y 2 del mes de Julio del corriente a\u00f1o, al personal de la Administraci\u00f3n P\u00fablica Provincial en todas sus modalidades de contrataci\u00f3n, haciendo extensiva la invitaci\u00f3n de adherir a las Intendencias Municipales. (Este bono tambi\u00e9n ser\u00e1 percibido los los contratos de locaci\u00f3n de servicios provinciales)<\/p>\n\n\n\n<p>2) Bono complementario de $ 6.500 (Pesos seis mil quinientos) al sector de la Salud. Ser\u00e1 abonado durante tres meses, a los trabajadores p\u00fablicos de la Salud, que se suma al anunciado por el Gobierno Nacional. Por lo cual en la misma fecha que los trabajadores p\u00fablicos santiague\u00f1os reciban el bono nacional, recibir\u00e1n tambi\u00e9n el bono provincial.<\/p>\n","protected":false},"excerpt":{"rendered":"<p>El mismo ser\u00e1 abonado junto con el Medio Aguinaldo (ambos sin ning\u00fan descuento) el 1 y 2 de julio al personal de la Administraci\u00f3n P\u00fablica Provincial en todas sus modalidades de contrataci\u00f3n.<\/p>\n","protected":false},"author":2,"featured_media":22694,"comment_status":"open","ping_status":"open","sticky":false,"template":"","format":"standard","meta":{"om_disable_all_campaigns":false,"_monsterinsights_skip_tracking":false,"_monsterinsights_sitenote_active":false,"_monsterinsights_sitenote_note":"","_monsterinsights_sitenote_category":0,"_uf_show_specific_survey":0,"_uf_disable_surveys":false,"jetpack_post_was_ever_published":false,"_jetpack_newsletter_access":"","_jetpack_dont_email_post_to_subs":false,"_jetpack_newsletter_tier_id":0,"_jetpack_memberships_contains_paywalled_content":false,"_jetpack_memberships_contains_paid_content":false,"footnotes":"","jetpack_publicize_message":"","jetpack_publicize_feature_enabled":true,"jetpack_social_post_already_shared":false,"jetpack_social_options":{"image_generator_settings":{"template":"highway","default_image_id":0,"font":"","enabled":false},"version":2}},"categories":[21],"tags":[],"class_list":["post-22693","post","type-post","status-publish","format-standard","has-post-thumbnail","hentry","category-locales"],"aioseo_notices":[],"views":12,"jetpack_publicize_connections":[],"jetpack_featured_media_url":"https:\/\/i0.wp.com\/elterritorialweb.com.ar\/web\/wp-content\/uploads\/2021\/06\/bono-aguinaldo.jpg?fit=1024%2C682&ssl=1","jetpack_sharing_enabled":true,"_links":{"self":[{"href":"https:\/\/elterritorialweb.com.ar\/web\/wp-json\/wp\/v2\/posts\/22693","targetHints":{"allow":["GET"]}}],"collection":[{"href":"https:\/\/elterritorialweb.com.ar\/web\/wp-json\/wp\/v2\/posts"}],"about":[{"href":"https:\/\/elterritorialweb.com.ar\/web\/wp-json\/wp\/v2\/types\/post"}],"author":[{"embeddable":true,"href":"https:\/\/elterritorialweb.com.ar\/web\/wp-json\/wp\/v2\/users\/2"}],"replies":[{"embeddable":true,"href":"https:\/\/elterritorialweb.com.ar\/web\/wp-json\/wp\/v2\/comments?post=22693"}],"version-history":[{"count":1,"href":"https:\/\/elterritorialweb.com.ar\/web\/wp-json\/wp\/v2\/posts\/22693\/revisions"}],"predecessor-version":[{"id":22695,"href":"https:\/\/elterritorialweb.com.ar\/web\/wp-json\/wp\/v2\/posts\/22693\/revisions\/22695"}],"wp:featuredmedia":[{"embeddable":true,"href":"https:\/\/elterritorialweb.com.ar\/web\/wp-json\/wp\/v2\/media\/22694"}],"wp:attachment":[{"href":"https:\/\/elterritorialweb.com.ar\/web\/wp-json\/wp\/v2\/media?parent=22693"}],"wp:term":[{"taxonomy":"category","embeddable":true,"href":"https:\/\/elterritorialweb.com.ar\/web\/wp-json\/wp\/v2\/categories?post=22693"},{"taxonomy":"post_tag","embeddable":true,"href":"https:\/\/elterritorialweb.com.ar\/web\/wp-json\/wp\/v2\/tags?post=22693"}],"curies":[{"name":"wp","href":"https:\/\/api.w.org\/{rel}","templated":true}]}}