{"id":22718,"date":"2021-06-02T02:03:02","date_gmt":"2021-06-02T02:03:02","guid":{"rendered":"http:\/\/elterritorialweb.com.ar\/web\/?p=22718"},"modified":"2021-06-02T02:04:50","modified_gmt":"2021-06-02T02:04:50","slug":"dudas-de-escaloni-de-los-titulares-para-enfrentar-a-chile","status":"publish","type":"post","link":"https:\/\/elterritorialweb.com.ar\/web\/dudas-de-escaloni-de-los-titulares-para-enfrentar-a-chile\/","title":{"rendered":"DUDAS DE ESCALONI EN EL EQUIPO PARA ENFRENTAR A CHILE"},"content":{"rendered":"\n<p>La&nbsp;<strong>Selecci\u00f3n Argentina<\/strong>&nbsp;se enfrentar\u00e1 a&nbsp;<strong>Chile&nbsp;<\/strong>por las&nbsp;<strong>Eliminatorias Sudamericanas<\/strong>, este jueves a las 19:00 y Lionel&nbsp;<strong>Scaloni&nbsp;<\/strong>comienza a definir qui\u00e9nes ser\u00e1n los 11 que saldr\u00e1n a la cancha.<\/p>\n\n\n\n<p>En principio, el DT albiceleste ya tendr\u00eda 8 jugadores confirmados en su cabeza. Las tres dudas que tiene pasan por el arquero (Franco Armani o Emiliano Mar\u00ednez -este \u00faltimo corre con ventaja-), uno de los mediocampistas (Giovanni\u00a0<strong>Lo Celso o<\/strong>\u00a0Marcos\u00a0<strong>Acu\u00f1a) y\u00a0<\/strong>uno de los extremos (Lucas\u00a0<strong>Ocampos o\u00a0<\/strong>\u00c1ngel\u00a0<strong>Di Mar\u00eda).<\/strong><\/p>\n\n\n\n<p>El arquero del&nbsp;<strong>Aston Villa &#8211;<\/strong>que llega en un muy buen nivel y con continuidad en su club<strong>&#8211;&nbsp;<\/strong>ataj\u00f3 para los titulares en el entrenamiento de este martes y es el segundo entrenamiento consecutivo en que lo hace. Gan\u00f3 consideraci\u00f3n y todo parece indicar que ser\u00eda el titular ante Chile. Por otro lado, el encargado de defender el arco en&nbsp;<strong>River llega con menos de chances<\/strong>&nbsp;de disputar el encuentro debido al&nbsp;<strong>Covid&nbsp;<\/strong>que lo mantuvo inactivo durante el \u00faltimo tiempo.&nbsp;<\/p>\n\n\n\n<p>En la \u00faltima temporada de la<strong>\u00a0Premier League,<\/strong>\u00a0Emi Mart\u00ednez fue elegido como mejor arquero. El\u00a0 buen nivel mostrado y la continuidad en el Aston Villa fueron fundamentales para su convocatoria a la Selecci\u00f3n. Por ejemplo, acumul\u00f3<strong>\u00a015 partidos sin que le conviertan goles\u00a0<\/strong>y logr\u00f3 igualar el r\u00e9cord de Brad\u00a0<strong>Friedel<\/strong>. Jug\u00f3 los 38 encuentros del certamen como titular.<\/p>\n\n\n\n<h4 class=\"wp-block-heading\">LA PROBABLE FORMACI\u00d3N DE LA SELECCI\u00d3N ARGENTINA ANTE CHILE<\/h4>\n\n\n\n<p><strong>Armani&nbsp;<\/strong>o&nbsp;<strong>Mart\u00ednez<\/strong>; Juan&nbsp;<strong>Foyth<\/strong>, Lucas&nbsp;<strong>Mart\u00ednez Quarta<\/strong>, Germ\u00e1n&nbsp;<strong>Pezzella&nbsp;<\/strong>y Nicol\u00e1s&nbsp;<strong>Tagliafico<\/strong>; Rodrigo&nbsp;<strong>De Paul<\/strong>, Leandro&nbsp;<strong>Paredes&nbsp;<\/strong>y&nbsp;Giovanni&nbsp;<strong>Lo Celso&nbsp;<\/strong>o Marcos&nbsp;<strong>Acu\u00f1a<\/strong>; Lionel&nbsp;<strong>Messi,&nbsp;<\/strong>Lautaro&nbsp;<strong>Mart\u00ednez&nbsp;<\/strong>y Lucas&nbsp;<strong>Ocampos o&nbsp;<\/strong>\u00c1ngel&nbsp;<strong>Di Mar\u00eda.<\/strong><\/p>\n","protected":false},"excerpt":{"rendered":"<p>El entrenador albiceleste comienza a definir el equipo para el partido del jueves, aunque todav\u00eda hay tres puestos que no defini\u00f3: arqueros, uno de los mediocampistas y de los extremos.<\/p>\n","protected":false},"author":2,"featured_media":21076,"comment_status":"open","ping_status":"open","sticky":false,"template":"","format":"standard","meta":{"om_disable_all_campaigns":false,"_monsterinsights_skip_tracking":false,"_monsterinsights_sitenote_active":false,"_monsterinsights_sitenote_note":"","_monsterinsights_sitenote_category":0,"_uf_show_specific_survey":0,"_uf_disable_surveys":false,"jetpack_post_was_ever_published":false,"_jetpack_newsletter_access":"","_jetpack_dont_email_post_to_subs":false,"_jetpack_newsletter_tier_id":0,"_jetpack_memberships_contains_paywalled_content":false,"_jetpack_memberships_contains_paid_content":false,"footnotes":"","jetpack_publicize_message":"","jetpack_publicize_feature_enabled":true,"jetpack_social_post_already_shared":false,"jetpack_social_options":{"image_generator_settings":{"template":"highway","default_image_id":0,"font":"","enabled":false},"version":2}},"categories":[6],"tags":[],"class_list":["post-22718","post","type-post","status-publish","format-standard","has-post-thumbnail","hentry","category-deportes"],"aioseo_notices":[],"views":7,"jetpack_publicize_connections":[],"jetpack_featured_media_url":"https:\/\/i0.wp.com\/elterritorialweb.com.ar\/web\/wp-content\/uploads\/2021\/04\/LIONEL-SACLONI.jpg?fit=680%2C383&ssl=1","jetpack_sharing_enabled":true,"_links":{"self":[{"href":"https:\/\/elterritorialweb.com.ar\/web\/wp-json\/wp\/v2\/posts\/22718","targetHints":{"allow":["GET"]}}],"collection":[{"href":"https:\/\/elterritorialweb.com.ar\/web\/wp-json\/wp\/v2\/posts"}],"about":[{"href":"https:\/\/elterritorialweb.com.ar\/web\/wp-json\/wp\/v2\/types\/post"}],"author":[{"embeddable":true,"href":"https:\/\/elterritorialweb.com.ar\/web\/wp-json\/wp\/v2\/users\/2"}],"replies":[{"embeddable":true,"href":"https:\/\/elterritorialweb.com.ar\/web\/wp-json\/wp\/v2\/comments?post=22718"}],"version-history":[{"count":2,"href":"https:\/\/elterritorialweb.com.ar\/web\/wp-json\/wp\/v2\/posts\/22718\/revisions"}],"predecessor-version":[{"id":22720,"href":"https:\/\/elterritorialweb.com.ar\/web\/wp-json\/wp\/v2\/posts\/22718\/revisions\/22720"}],"wp:featuredmedia":[{"embeddable":true,"href":"https:\/\/elterritorialweb.com.ar\/web\/wp-json\/wp\/v2\/media\/21076"}],"wp:attachment":[{"href":"https:\/\/elterritorialweb.com.ar\/web\/wp-json\/wp\/v2\/media?parent=22718"}],"wp:term":[{"taxonomy":"category","embeddable":true,"href":"https:\/\/elterritorialweb.com.ar\/web\/wp-json\/wp\/v2\/categories?post=22718"},{"taxonomy":"post_tag","embeddable":true,"href":"https:\/\/elterritorialweb.com.ar\/web\/wp-json\/wp\/v2\/tags?post=22718"}],"curies":[{"name":"wp","href":"https:\/\/api.w.org\/{rel}","templated":true}]}}