{"id":22726,"date":"2021-06-02T04:37:05","date_gmt":"2021-06-02T04:37:05","guid":{"rendered":"http:\/\/elterritorialweb.com.ar\/web\/?p=22726"},"modified":"2021-06-02T04:43:16","modified_gmt":"2021-06-02T04:43:16","slug":"coronavirus-en-santiago-se-confirmaron-862-casos-positivos-en-la-provincia","status":"publish","type":"post","link":"https:\/\/elterritorialweb.com.ar\/web\/coronavirus-en-santiago-se-confirmaron-862-casos-positivos-en-la-provincia\/","title":{"rendered":"CORONAVIRUS EN SANTIAGO: SE CONFIRMARON 862 CASOS POSITIVOS EN LA PROVINCIA"},"content":{"rendered":"\n<p><br>Se recuperaron doscientos nueve (209) casos el d\u00eda de hoy, por lo que son treinta y un mil seiscientos treinta y tres (31.633) los casos recuperados en la provincia<\/p>\n\n\n\n<p><strong>Se notific\u00f3 el fallecimiento de 8 personas con diagn\u00f3stico de COVID-19. Un hombre de 73 a\u00f1os y un hombre de 61 a\u00f1os, ambos internados en el Hospital Independencia. Una mujer de 65 a\u00f1os con antecedentes de hipertensi\u00f3n del Dpto Robles que estaba internada en un sanatorio privado de la Capital. Un hombre de 81 a\u00f1os que estaba internado en el Hospital del Dpto Atamisqui. Un hombre de 54 a\u00f1os con antecedentes de diabetes que estaba internado en un sanatorio privado del Dpto Choya. Un hombre de 66 a\u00f1os que estaba internado en un sanatorio privado de La Banda. Una mujer de 42 a\u00f1os del Dpto Alberdi que estaba internado en el CIS Banda y un hombre de 44 a\u00f1os, integrante del equipo de Salud del CISB que estaba internado en este centro asistencial. El Ministerio de Salud expresa sus condolencias a familiares y seres queridos de todas las personas fallecidas y acompa\u00f1a al equipo de salud del CISB en este dif\u00edcil momento.<\/strong><\/p>\n\n\n\n<p>Hay un total de quinientos once (511) personas positivas fallecidas en la provincia.<\/p>\n\n\n\n<p>Se procesaron un total de dos mil ciento setenta y un (2.171) muestras el d\u00eda de hoy.<\/p>\n\n\n\n<p><strong>Se confirmaron ochocientos sesenta y dos (862) casos, Capital Banda (432) e interior de la provincia (430) distribuidos de la siguiente manera: A\u00f1atuya 21; Bajo Grande 3;Beltran 14; Brea Pozo 4; Buey Muerto 1; Campo Gallo 11; Ca\u00f1ada Escobar 1; Cara Pujio 1; Chaupi Pozo 5; Choya 1; Clodomira 27; Colonia Dora 14; Colonia Tinco 1; Colonia El Simbolar 8; Cuatro Horcones 1; El Aibe 2; El Arroyo 1; El Hoyon 1; El Manantial 3; El Mojon 1; El Porvenir 1; El Puestito 1; Estacion Simbolar 9; Fernandez 43; Forres 13; Frias 33; Garza 1; Ica\u00f1o 5; Las Lomitas 3; Las Tijeras 1; Loreto 11; Los Pereyra 2; Los Quiroga 8; Los Ralos 1; Lugones 1; Monte Quemado 13; Nueva Esperanza 16; Nuevo Libano 14; Paraje Loaj 1; Quimili 18; Rapelli 2; Rodeo de Soria 1; San Jose del Boqueron 3; San Pedro de Guasayan 2; San Ramon 1; Santa Catalina 1; Selva 21; Sol de Mayo 1; Sumampa 4; ; Suncho Corral 5; Tapso 1; Termas 39; Tramo 16 2; Villa Figueroa 2; Villa Matoque 2; Villa Ojo de Agua 21; Villa Robles 1; Villa Salavina 2; Villa Silipica 1; Vilmer 2<\/strong><br><\/p>\n\n\n\n<p>Permanecen activos catorce mil ciento nueve (14.109) casos en la provincia.<br><\/p>\n\n\n\n<p>El total de casos positivos acumulados es de cuarenta y cinco mil cuatrocientos treinta y cuatro (45.434)<br><\/p>\n\n\n\n<p>Se descartaron mil trescientos nueve (1.309) casos el d\u00eda de hoy, por lo que hay ciento cuarenta y cuatro mil quinientos cincuenta y siete (144.557) casos descartados a la fecha.<\/p>\n\n\n\n<p><strong>Importante:<\/strong> La diferencia de casos acumulados, y difundidos en el reporte nacional, obedece a diferentes horarios de carga y a santiague\u00f1os que residen en otras provincias pero que no tienen realizado el cambio de domicilio legal en su DNI. Se ha solicitado el correspondiente pedido de reclasificaci\u00f3n de los casos excedentes cargados para nuestra provincia.<br><\/p>\n\n\n\n<p>RECOMENDACIONES<\/p>\n\n\n\n<p>Se recuerda que TODAS las personas que son contacto estrecho de casos positivos que DEBEN realizar un AISLAMIENTO SANITARIO OBLIGATORIO de 14 d\u00edas, aunque no presenten s\u00edntomas e independientemente si fueron hisopados y su resultado fue no detectable (negativo).<\/p>\n\n\n\n<p><div>Durante el aislamiento sanitario las personas no pueden salir de su hogar ni recibir visitas y deben cumplir con las medidas de prevenci\u00f3n indicadas por las autoridades sanitarias.<span style=\"font-size: inherit;\"><\/span><\/div><\/p>\n\n\n\n<p><div>Ante la presencia de fiebre mayor o igual a 37,5\u00b0 y s\u00edntomas respiratorios como tos, dolor de garganta, dificultad para respirar, adem\u00e1s de falta de gusto y olfato de reciente aparici\u00f3n, y tambi\u00e9n cefalea, diarrea y\/o v\u00f3mitos o al haber estado en contacto con un caso confirmado, se insta a la poblaci\u00f3n a que haga un contacto de inmediato con el sistema de salud contact\u00e1ndose con su centro de salud m\u00e1s cercano o comunic\u00e1ndose al 107 y evite el contacto social<span style=\"font-size: inherit;\"><\/span><\/div><\/p>\n\n\n\n<p><div>Tambi\u00e9n se recuerda que se realiza el hisopado a los contactos estrechos de casos positivos que presenten s\u00edntomas o que tengan factores de riesgo (mayores de 60 a\u00f1os, embarazadas, inmunocomprometidos, enfermos oncol\u00f3gicos o dializados)<span style=\"font-size: inherit;\"><\/span><\/div><\/p>\n\n\n\n<p><div>Recordemos continuar respetando las medidas de distancia f\u00edsica y lavarnos frecuentemente las manos con agua y jab\u00f3n. Si necesitamos salir usemos el barbijo correctamente sin tocarlo ni tocarnos la cara.<span style=\"font-size: inherit;\"><\/span><\/div><\/p>\n\n\n\n<p><div>Respetar todos los protocolos vigentes y las actividades permitidas, y no realizar reuniones sociales o familiares evitando contacto estrecho con personas que no sean convivientes.<span style=\"font-size: inherit;\"><\/span><\/div><\/p>\n","protected":false},"excerpt":{"rendered":"<p>Se recuperaron doscientos nueve (209) casos el d\u00eda de hoy, por lo que son treinta&#8230;<\/p>\n","protected":false},"author":2,"featured_media":9073,"comment_status":"open","ping_status":"open","sticky":false,"template":"","format":"standard","meta":{"om_disable_all_campaigns":false,"_monsterinsights_skip_tracking":false,"_monsterinsights_sitenote_active":false,"_monsterinsights_sitenote_note":"","_monsterinsights_sitenote_category":0,"_uf_show_specific_survey":0,"_uf_disable_surveys":false,"jetpack_post_was_ever_published":false,"_jetpack_newsletter_access":"","_jetpack_dont_email_post_to_subs":false,"_jetpack_newsletter_tier_id":0,"_jetpack_memberships_contains_paywalled_content":false,"_jetpack_memberships_contains_paid_content":false,"footnotes":"","jetpack_publicize_message":"","jetpack_publicize_feature_enabled":true,"jetpack_social_post_already_shared":false,"jetpack_social_options":{"image_generator_settings":{"template":"highway","default_image_id":0,"font":"","enabled":false},"version":2}},"categories":[3],"tags":[],"class_list":["post-22726","post","type-post","status-publish","format-standard","has-post-thumbnail","hentry","category-salud"],"aioseo_notices":[],"views":6,"jetpack_publicize_connections":[],"jetpack_featured_media_url":"https:\/\/i0.wp.com\/elterritorialweb.com.ar\/web\/wp-content\/uploads\/2020\/08\/REPORTE-DIARIO-DE-8-DE-AGOSTO.jpg?fit=960%2C1280&ssl=1","jetpack_sharing_enabled":true,"_links":{"self":[{"href":"https:\/\/elterritorialweb.com.ar\/web\/wp-json\/wp\/v2\/posts\/22726","targetHints":{"allow":["GET"]}}],"collection":[{"href":"https:\/\/elterritorialweb.com.ar\/web\/wp-json\/wp\/v2\/posts"}],"about":[{"href":"https:\/\/elterritorialweb.com.ar\/web\/wp-json\/wp\/v2\/types\/post"}],"author":[{"embeddable":true,"href":"https:\/\/elterritorialweb.com.ar\/web\/wp-json\/wp\/v2\/users\/2"}],"replies":[{"embeddable":true,"href":"https:\/\/elterritorialweb.com.ar\/web\/wp-json\/wp\/v2\/comments?post=22726"}],"version-history":[{"count":2,"href":"https:\/\/elterritorialweb.com.ar\/web\/wp-json\/wp\/v2\/posts\/22726\/revisions"}],"predecessor-version":[{"id":22729,"href":"https:\/\/elterritorialweb.com.ar\/web\/wp-json\/wp\/v2\/posts\/22726\/revisions\/22729"}],"wp:featuredmedia":[{"embeddable":true,"href":"https:\/\/elterritorialweb.com.ar\/web\/wp-json\/wp\/v2\/media\/9073"}],"wp:attachment":[{"href":"https:\/\/elterritorialweb.com.ar\/web\/wp-json\/wp\/v2\/media?parent=22726"}],"wp:term":[{"taxonomy":"category","embeddable":true,"href":"https:\/\/elterritorialweb.com.ar\/web\/wp-json\/wp\/v2\/categories?post=22726"},{"taxonomy":"post_tag","embeddable":true,"href":"https:\/\/elterritorialweb.com.ar\/web\/wp-json\/wp\/v2\/tags?post=22726"}],"curies":[{"name":"wp","href":"https:\/\/api.w.org\/{rel}","templated":true}]}}