{"id":22740,"date":"2021-06-02T23:59:03","date_gmt":"2021-06-02T23:59:03","guid":{"rendered":"http:\/\/elterritorialweb.com.ar\/web\/?p=22740"},"modified":"2021-06-02T23:59:04","modified_gmt":"2021-06-02T23:59:04","slug":"colocan-vigas-moviles-en-los-porticos-de-los-principales-accesos-a-la-ciudad","status":"publish","type":"post","link":"https:\/\/elterritorialweb.com.ar\/web\/colocan-vigas-moviles-en-los-porticos-de-los-principales-accesos-a-la-ciudad\/","title":{"rendered":"COLOCAN VIGAS MOVILES EN LOS P\u00d3RTICOS DE LOS PRINCIPALES ACCESOS A LA CIUDAD"},"content":{"rendered":"\n<p>De esta manera, los veh\u00edculos de gran porte que pasen por la ciudad deber\u00e1n circular directamente por la avenida Circunvalaci\u00f3n y por las rutas nacionales.<\/p>\n\n\n\n<p>Por su parte, el transporte de carga que tenga como destino final la ciudad, ya sea de insumos o de mercader\u00edas, deber\u00e1 solicitar una hoja de ruta en la Direcci\u00f3n de Tr\u00e1nsito y Transporte, donde se determinar\u00e1 el recorrido permitido para circular, respetando los horarios de carga y descarga y los lugares de estacionamiento establecidos.<\/p>\n\n\n\n<p>Las vigas m\u00f3viles, que tienen una altura m\u00e1xima 4,10 metros, y se colocar\u00e1n en los p\u00f3rticos de Belgrano y rotonda de la ruta nacional N\u00ba 9; Sol\u00eds y Circunvalaci\u00f3n; Lavalle y Circunvalaci\u00f3n; Libertad y Circunvalaci\u00f3n; Madre de Ciudades y rotonda de la ruta 208 e Irigoyen y N\u00fa\u00f1ez del Prado.<\/p>\n","protected":false},"excerpt":{"rendered":"<p>La Capital comenz\u00f3 la colocaci\u00f3n de vigas m\u00f3viles en los p\u00f3rticos ubicados en los principales accesos de la ciudad, con el prop\u00f3sito de restringir el ingreso del tr\u00e1nsito pesado para mantener en buenas condiciones la red vial y mejorar la seguridad en la circulaci\u00f3n.<\/p>\n","protected":false},"author":2,"featured_media":22741,"comment_status":"open","ping_status":"open","sticky":false,"template":"","format":"standard","meta":{"om_disable_all_campaigns":false,"_monsterinsights_skip_tracking":false,"_monsterinsights_sitenote_active":false,"_monsterinsights_sitenote_note":"","_monsterinsights_sitenote_category":0,"_uf_show_specific_survey":0,"_uf_disable_surveys":false,"jetpack_post_was_ever_published":false,"_jetpack_newsletter_access":"","_jetpack_dont_email_post_to_subs":false,"_jetpack_newsletter_tier_id":0,"_jetpack_memberships_contains_paywalled_content":false,"_jetpack_memberships_contains_paid_content":false,"footnotes":"","jetpack_publicize_message":"","jetpack_publicize_feature_enabled":true,"jetpack_social_post_already_shared":false,"jetpack_social_options":{"image_generator_settings":{"template":"highway","default_image_id":0,"font":"","enabled":false},"version":2}},"categories":[21],"tags":[],"class_list":["post-22740","post","type-post","status-publish","format-standard","has-post-thumbnail","hentry","category-locales"],"aioseo_notices":[],"views":4,"jetpack_publicize_connections":[],"jetpack_featured_media_url":"https:\/\/i0.wp.com\/elterritorialweb.com.ar\/web\/wp-content\/uploads\/2021\/06\/MUNI-VIGAS-MOVILES.jpg?fit=1280%2C720&ssl=1","jetpack_sharing_enabled":true,"_links":{"self":[{"href":"https:\/\/elterritorialweb.com.ar\/web\/wp-json\/wp\/v2\/posts\/22740","targetHints":{"allow":["GET"]}}],"collection":[{"href":"https:\/\/elterritorialweb.com.ar\/web\/wp-json\/wp\/v2\/posts"}],"about":[{"href":"https:\/\/elterritorialweb.com.ar\/web\/wp-json\/wp\/v2\/types\/post"}],"author":[{"embeddable":true,"href":"https:\/\/elterritorialweb.com.ar\/web\/wp-json\/wp\/v2\/users\/2"}],"replies":[{"embeddable":true,"href":"https:\/\/elterritorialweb.com.ar\/web\/wp-json\/wp\/v2\/comments?post=22740"}],"version-history":[{"count":1,"href":"https:\/\/elterritorialweb.com.ar\/web\/wp-json\/wp\/v2\/posts\/22740\/revisions"}],"predecessor-version":[{"id":22742,"href":"https:\/\/elterritorialweb.com.ar\/web\/wp-json\/wp\/v2\/posts\/22740\/revisions\/22742"}],"wp:featuredmedia":[{"embeddable":true,"href":"https:\/\/elterritorialweb.com.ar\/web\/wp-json\/wp\/v2\/media\/22741"}],"wp:attachment":[{"href":"https:\/\/elterritorialweb.com.ar\/web\/wp-json\/wp\/v2\/media?parent=22740"}],"wp:term":[{"taxonomy":"category","embeddable":true,"href":"https:\/\/elterritorialweb.com.ar\/web\/wp-json\/wp\/v2\/categories?post=22740"},{"taxonomy":"post_tag","embeddable":true,"href":"https:\/\/elterritorialweb.com.ar\/web\/wp-json\/wp\/v2\/tags?post=22740"}],"curies":[{"name":"wp","href":"https:\/\/api.w.org\/{rel}","templated":true}]}}