{"id":22743,"date":"2021-06-03T00:06:58","date_gmt":"2021-06-03T00:06:58","guid":{"rendered":"http:\/\/elterritorialweb.com.ar\/web\/?p=22743"},"modified":"2021-06-03T00:10:13","modified_gmt":"2021-06-03T00:10:13","slug":"carlos-basualdo-el-gobernador-zamora-marca-un-gobierno-presente-al-lado-de-la-gente","status":"publish","type":"post","link":"https:\/\/elterritorialweb.com.ar\/web\/carlos-basualdo-el-gobernador-zamora-marca-un-gobierno-presente-al-lado-de-la-gente\/","title":{"rendered":"CARLOS BASUALDO: \u00abEL GOBERNADOR ZAMORA MARCA UN GOBIERNO PRESENTE AL LADO DE LA GENTE\u00bb"},"content":{"rendered":"\n<p>Basualdo no quiso dejar de mencionar la iniciativa del gobierno provincial para enviar a la C\u00e1mara de Diputados el proyecto para adquirir vacunas contra el coronavirus, a los efectos de fortalecer la campa\u00f1a de vacunaci\u00f3n ante el aumento de casos en el marco de la segunda ola del covid-19. \u00abSe viene trabajando en cada rinc\u00f3n de la provincia y con cada profesional de la salud, a quienes aprovecho para felicitarlos por el trabajo constante que d\u00eda a d\u00eda llevan adelante. Las compras de vacunas por parte de la provincia, no solo habla de una administraci\u00f3n eficiente en el manejo de los fondos p\u00fablicos, sino que adem\u00e1s sostiene una base significativa en lo que se refiere al cuidado de cada santiague\u00f1o. En este sentido el gobernador Zamora sigue dando muestras de una capacidad de conducci\u00f3n sin precedentes en la historia pol\u00edtica y social de nuestra provincia, como as\u00ed tambi\u00e9n de la importancia para cada habitante de nuestro territorio\u00bb.<\/p>\n\n\n\n<p>\u00abDesde que comenz\u00f3 la pandemia, nuestro gobernador est\u00e1 en la primera l\u00ednea de batalla coordinando acciones para poder sobrellevar esta situaci\u00f3n lo mejor posible\u00bb, sostuvo.<\/p>\n\n\n\n<p>\u00abEn la \u00faltima semana hubo importantes anuncios para el sector privado, gastron\u00f3micos, la gente del turismo y eso es importante destacar porque no se deja afuera a ning\u00fan hermano santiague\u00f1o. La situaci\u00f3n es muy complicada pero trabajando en conjunto aportando nuestro granito de arena desde cada lugar, todo sin lugar a dudas ser\u00e1 llevadero\u00bb.<\/p>\n\n\n\n<p>Por \u00faltimo Basualdo coment\u00f3 que \u00abel pago de un \u201cBono Aguinaldo\u201d de $15.000 a los trabajadores de la administraci\u00f3n p\u00fablica provincial; bono complementario de $6.500 para los trabajadores de la salud; y medidas antic\u00edclicas generan confianza en la poblaci\u00f3n y llevan tranquilidad en un momento tan complicado para todos\u00bb.&nbsp;<\/p>\n","protected":false},"excerpt":{"rendered":"<p>El concejal por el \u00abFrente C\u00edvico por Santiago\u00bb Carlos Basualdo, se mostr\u00f3 agradecido por las \u00faltimas medidas adoptadas por el gobernador Zamora, aduciendo que \u00aba pesar de todo lo que est\u00e1 sucediendo con la pandemia del Coronavirus, el gobierno est\u00e1 m\u00e1s presente que nunca acompa\u00f1ando a cada hermano santiague\u00f1o\u00bb.<\/p>\n","protected":false},"author":2,"featured_media":22744,"comment_status":"open","ping_status":"open","sticky":false,"template":"","format":"standard","meta":{"om_disable_all_campaigns":false,"_monsterinsights_skip_tracking":false,"_monsterinsights_sitenote_active":false,"_monsterinsights_sitenote_note":"","_monsterinsights_sitenote_category":0,"_uf_show_specific_survey":0,"_uf_disable_surveys":false,"jetpack_post_was_ever_published":false,"_jetpack_newsletter_access":"","_jetpack_dont_email_post_to_subs":false,"_jetpack_newsletter_tier_id":0,"_jetpack_memberships_contains_paywalled_content":false,"_jetpack_memberships_contains_paid_content":false,"footnotes":"","jetpack_publicize_message":"","jetpack_publicize_feature_enabled":true,"jetpack_social_post_already_shared":false,"jetpack_social_options":{"image_generator_settings":{"template":"highway","default_image_id":0,"font":"","enabled":false},"version":2}},"categories":[21],"tags":[],"class_list":["post-22743","post","type-post","status-publish","format-standard","has-post-thumbnail","hentry","category-locales"],"aioseo_notices":[],"views":3,"jetpack_publicize_connections":[],"jetpack_featured_media_url":"https:\/\/i0.wp.com\/elterritorialweb.com.ar\/web\/wp-content\/uploads\/2021\/06\/WhatsApp-Image-2021-06-02-at-14.28.15.jpeg?fit=1280%2C1152&ssl=1","jetpack_sharing_enabled":true,"_links":{"self":[{"href":"https:\/\/elterritorialweb.com.ar\/web\/wp-json\/wp\/v2\/posts\/22743","targetHints":{"allow":["GET"]}}],"collection":[{"href":"https:\/\/elterritorialweb.com.ar\/web\/wp-json\/wp\/v2\/posts"}],"about":[{"href":"https:\/\/elterritorialweb.com.ar\/web\/wp-json\/wp\/v2\/types\/post"}],"author":[{"embeddable":true,"href":"https:\/\/elterritorialweb.com.ar\/web\/wp-json\/wp\/v2\/users\/2"}],"replies":[{"embeddable":true,"href":"https:\/\/elterritorialweb.com.ar\/web\/wp-json\/wp\/v2\/comments?post=22743"}],"version-history":[{"count":1,"href":"https:\/\/elterritorialweb.com.ar\/web\/wp-json\/wp\/v2\/posts\/22743\/revisions"}],"predecessor-version":[{"id":22745,"href":"https:\/\/elterritorialweb.com.ar\/web\/wp-json\/wp\/v2\/posts\/22743\/revisions\/22745"}],"wp:featuredmedia":[{"embeddable":true,"href":"https:\/\/elterritorialweb.com.ar\/web\/wp-json\/wp\/v2\/media\/22744"}],"wp:attachment":[{"href":"https:\/\/elterritorialweb.com.ar\/web\/wp-json\/wp\/v2\/media?parent=22743"}],"wp:term":[{"taxonomy":"category","embeddable":true,"href":"https:\/\/elterritorialweb.com.ar\/web\/wp-json\/wp\/v2\/categories?post=22743"},{"taxonomy":"post_tag","embeddable":true,"href":"https:\/\/elterritorialweb.com.ar\/web\/wp-json\/wp\/v2\/tags?post=22743"}],"curies":[{"name":"wp","href":"https:\/\/api.w.org\/{rel}","templated":true}]}}