{"id":22749,"date":"2021-06-03T01:20:32","date_gmt":"2021-06-03T01:20:32","guid":{"rendered":"http:\/\/elterritorialweb.com.ar\/web\/?p=22749"},"modified":"2021-06-03T01:20:35","modified_gmt":"2021-06-03T01:20:35","slug":"el-senado-convirtio-en-ley-el-apoyo-al-sistema-nacional-de-bomberos-voluntarios-y-las-modificaciones-del-impuesto-a-las-ganancias","status":"publish","type":"post","link":"https:\/\/elterritorialweb.com.ar\/web\/el-senado-convirtio-en-ley-el-apoyo-al-sistema-nacional-de-bomberos-voluntarios-y-las-modificaciones-del-impuesto-a-las-ganancias\/","title":{"rendered":"EL SENADO CONVIRTI\u00d3 EN LEY EL APOYO AL SISTEMA NACIONAL DE BOMBEROS VOLUNTARIOS Y LAS MODIFICACIONES DEL IMPUESTO A LAS GANANCIAS"},"content":{"rendered":"\n<p>Adem\u00e1s, el Senado ratific\u00f3 el decreto de necesidad y urgencia del Poder Ejecutivo Nacional que establece medidas sanitarias para las zonas de bajo, mediano y alto riesgo epidemiol\u00f3gico en el per\u00edodo comprendido entre el 22 de mayo y el 11 de junio, dado que, seg\u00fan se\u00f1ala el DNU en sus fundamentos, el nivel actual de circulaci\u00f3n viral \u00abproduce un alt\u00edsimo riesgo de saturaci\u00f3n del sistema de salud.\u201d<\/p>\n\n\n\n<p>En primera instancia, la C\u00e1mara aprob\u00f3 sobre tablas y por unanimidad la Ley de Fortalecimiento del Sistema Nacional de Bomberos Voluntarios de la Rep\u00fablica Argentina, que instituye para estas organizaciones un r\u00e9gimen tarifario especial de servicios p\u00fablicos de provisi\u00f3n de energ\u00eda el\u00e9ctrica, gas natural provisto por red, agua potable y colecci\u00f3n de desag\u00fces cloacales, telefon\u00eda fija y m\u00f3vil, y tecnolog\u00edas de la informaci\u00f3n y las comunicaciones, bajo jurisdicci\u00f3n nacional. Teniendo en cuenta la importancia de su labor para la comunidad, tambi\u00e9n se estipulan prestaciones adicionales por contingencias, riesgo e incapacidad laboral temporaria a los integrantes de los cuerpos de bomberos y un r\u00e9gimen especial de reintegro del impuesto al valor agregado.<\/p>\n\n\n\n<figure class=\"wp-block-image size-large\"><a href=\"https:\/\/i0.wp.com\/elterritorialweb.com.ar\/web\/wp-content\/uploads\/2021\/06\/senado-1.jpeg\"><img data-recalc-dims=\"1\" decoding=\"async\" width=\"640\" height=\"426\" data-src=\"https:\/\/i0.wp.com\/elterritorialweb.com.ar\/web\/wp-content\/uploads\/2021\/06\/senado-1.jpeg?resize=640%2C426\" alt=\"\" class=\"wp-image-22751 lazyload\" data-srcset=\"https:\/\/i0.wp.com\/elterritorialweb.com.ar\/web\/wp-content\/uploads\/2021\/06\/senado-1.jpeg?resize=1024%2C682&amp;ssl=1 1024w, https:\/\/i0.wp.com\/elterritorialweb.com.ar\/web\/wp-content\/uploads\/2021\/06\/senado-1.jpeg?resize=300%2C200&amp;ssl=1 300w, https:\/\/i0.wp.com\/elterritorialweb.com.ar\/web\/wp-content\/uploads\/2021\/06\/senado-1.jpeg?resize=768%2C512&amp;ssl=1 768w, https:\/\/i0.wp.com\/elterritorialweb.com.ar\/web\/wp-content\/uploads\/2021\/06\/senado-1.jpeg?w=1280&amp;ssl=1 1280w\" data-sizes=\"(max-width: 640px) 100vw, 640px\" src=\"data:image\/svg+xml;base64,PHN2ZyB3aWR0aD0iMSIgaGVpZ2h0PSIxIiB4bWxucz0iaHR0cDovL3d3dy53My5vcmcvMjAwMC9zdmciPjwvc3ZnPg==\" style=\"--smush-placeholder-width: 640px; --smush-placeholder-aspect-ratio: 640\/426;\" \/><\/a><figcaption>PRESIDENTA PROVISIONAL DEL SENADO DRA. CLAUDIA LEDESMA ABDALA DE ZAMORA<\/figcaption><\/figure>\n\n\n\n<p>Posteriormente, el Senado convirti\u00f3 en ley el proyecto del Poder Ejecutivo, que ya contaba con media sanci\u00f3n de la C\u00e1mara de Diputados, por el cual se modifican por \u00fanica vez y a ra\u00edz del contexto de pandemia, las Leyes 26.571 y 19.945 y se adecua el calendario electoral de cargos electivos nacionales para este a\u00f1o, ante el crecimiento de los casos de Covid-19, el advenimiento de la temporada invernal y el progresivo desarrollo de la campa\u00f1a de vacunaci\u00f3n.<\/p>\n\n\n\n<p>El proyecto establece el traslado de las Primarias Abiertas Simult\u00e1neas y Obligatorias (PASO) al 12 de septiembre y de las elecciones generales al 14 de noviembre, en las que se elegir\u00e1n 127 diputadas o diputados nacionales y 24 senadoras o senadores nacionales. Adem\u00e1s, se modifica en 5 d\u00edas el registro de los candidatos y pedido de oficializaci\u00f3n de listas, as\u00ed como el cronograma de inicio de la campa\u00f1a electoral.<\/p>\n\n\n\n<p>El Senado aprob\u00f3 tambi\u00e9n el proyecto venido en revisi\u00f3n que modifica la ley de impuesto a las ganancias en su art\u00edculo relativo a las sociedades de capital e incorpor\u00f3 una escala con al\u00edcuota variable seg\u00fan el excedente de utilidades percibido por cada una de ellas. A fin de dotar de mayor progresividad al tributo y beneficiar a las PyMEs, se estableci\u00f3 un sistema escalonado en tres segmentos en funci\u00f3n del nivel de ganancia neta imponible acumulada: un primer escal\u00f3n del 25% para ganancias de hasta 5 millones de pesos; el segundo escal\u00f3n del 30%, entre 5 y 50 millones de pesos; y un \u00faltimo segmento del 35 % para aquellas superiores a 50 millones de pesos.<\/p>\n\n\n\n<figure class=\"wp-block-image size-large\"><a href=\"https:\/\/i0.wp.com\/elterritorialweb.com.ar\/web\/wp-content\/uploads\/2021\/06\/senado-2.jpeg\"><img data-recalc-dims=\"1\" decoding=\"async\" width=\"640\" height=\"426\" data-src=\"https:\/\/i0.wp.com\/elterritorialweb.com.ar\/web\/wp-content\/uploads\/2021\/06\/senado-2.jpeg?resize=640%2C426\" alt=\"\" class=\"wp-image-22752 lazyload\" data-srcset=\"https:\/\/i0.wp.com\/elterritorialweb.com.ar\/web\/wp-content\/uploads\/2021\/06\/senado-2.jpeg?resize=1024%2C682&amp;ssl=1 1024w, https:\/\/i0.wp.com\/elterritorialweb.com.ar\/web\/wp-content\/uploads\/2021\/06\/senado-2.jpeg?resize=300%2C200&amp;ssl=1 300w, https:\/\/i0.wp.com\/elterritorialweb.com.ar\/web\/wp-content\/uploads\/2021\/06\/senado-2.jpeg?resize=768%2C512&amp;ssl=1 768w, https:\/\/i0.wp.com\/elterritorialweb.com.ar\/web\/wp-content\/uploads\/2021\/06\/senado-2.jpeg?w=1280&amp;ssl=1 1280w\" data-sizes=\"(max-width: 640px) 100vw, 640px\" src=\"data:image\/svg+xml;base64,PHN2ZyB3aWR0aD0iMSIgaGVpZ2h0PSIxIiB4bWxucz0iaHR0cDovL3d3dy53My5vcmcvMjAwMC9zdmciPjwvc3ZnPg==\" style=\"--smush-placeholder-width: 640px; --smush-placeholder-aspect-ratio: 640\/426;\" \/><\/a><\/figure>\n\n\n\n<p>La norma establece que los montos se ajustar\u00e1n anualmente, a partir de 2022, seg\u00fan el \u00cdndice de Precios al Consumidor (IPC) e incluye incentivos para la incorporaci\u00f3n de mujeres y minor\u00edas de g\u00e9nero como directores y s\u00edndicos de las empresas.<\/p>\n","protected":false},"excerpt":{"rendered":"<p>La presidenta Provisional del Senado, Claudia Ledesma Abdala de Zamora, encabez\u00f3 esta tarde parte de la sesi\u00f3n de la C\u00e1mara Alta en la que se convirtieron en ley la adecuaci\u00f3n del calendario electoral de cargos nacionales de 2021, a ra\u00edz del contexto de pandemia; la modificaci\u00f3n del impuesto a las ganancias y el fortalecimiento del Sistema Nacional de Bomberos Voluntarios de la Rep\u00fablica Argentina. <\/p>\n","protected":false},"author":2,"featured_media":22750,"comment_status":"open","ping_status":"open","sticky":false,"template":"","format":"standard","meta":{"om_disable_all_campaigns":false,"_monsterinsights_skip_tracking":false,"_monsterinsights_sitenote_active":false,"_monsterinsights_sitenote_note":"","_monsterinsights_sitenote_category":0,"_uf_show_specific_survey":0,"_uf_disable_surveys":false,"jetpack_post_was_ever_published":false,"_jetpack_newsletter_access":"","_jetpack_dont_email_post_to_subs":false,"_jetpack_newsletter_tier_id":0,"_jetpack_memberships_contains_paywalled_content":false,"_jetpack_memberships_contains_paid_content":false,"footnotes":"","jetpack_publicize_message":"","jetpack_publicize_feature_enabled":true,"jetpack_social_post_already_shared":false,"jetpack_social_options":{"image_generator_settings":{"template":"highway","default_image_id":0,"font":"","enabled":false},"version":2}},"categories":[18],"tags":[],"class_list":["post-22749","post","type-post","status-publish","format-standard","has-post-thumbnail","hentry","category-politica"],"aioseo_notices":[],"views":4,"jetpack_publicize_connections":[],"jetpack_featured_media_url":"https:\/\/i0.wp.com\/elterritorialweb.com.ar\/web\/wp-content\/uploads\/2021\/06\/senado-.jpeg?fit=1280%2C852&ssl=1","jetpack_sharing_enabled":true,"_links":{"self":[{"href":"https:\/\/elterritorialweb.com.ar\/web\/wp-json\/wp\/v2\/posts\/22749","targetHints":{"allow":["GET"]}}],"collection":[{"href":"https:\/\/elterritorialweb.com.ar\/web\/wp-json\/wp\/v2\/posts"}],"about":[{"href":"https:\/\/elterritorialweb.com.ar\/web\/wp-json\/wp\/v2\/types\/post"}],"author":[{"embeddable":true,"href":"https:\/\/elterritorialweb.com.ar\/web\/wp-json\/wp\/v2\/users\/2"}],"replies":[{"embeddable":true,"href":"https:\/\/elterritorialweb.com.ar\/web\/wp-json\/wp\/v2\/comments?post=22749"}],"version-history":[{"count":1,"href":"https:\/\/elterritorialweb.com.ar\/web\/wp-json\/wp\/v2\/posts\/22749\/revisions"}],"predecessor-version":[{"id":22753,"href":"https:\/\/elterritorialweb.com.ar\/web\/wp-json\/wp\/v2\/posts\/22749\/revisions\/22753"}],"wp:featuredmedia":[{"embeddable":true,"href":"https:\/\/elterritorialweb.com.ar\/web\/wp-json\/wp\/v2\/media\/22750"}],"wp:attachment":[{"href":"https:\/\/elterritorialweb.com.ar\/web\/wp-json\/wp\/v2\/media?parent=22749"}],"wp:term":[{"taxonomy":"category","embeddable":true,"href":"https:\/\/elterritorialweb.com.ar\/web\/wp-json\/wp\/v2\/categories?post=22749"},{"taxonomy":"post_tag","embeddable":true,"href":"https:\/\/elterritorialweb.com.ar\/web\/wp-json\/wp\/v2\/tags?post=22749"}],"curies":[{"name":"wp","href":"https:\/\/api.w.org\/{rel}","templated":true}]}}