{"id":22777,"date":"2021-06-03T04:40:58","date_gmt":"2021-06-03T04:40:58","guid":{"rendered":"http:\/\/elterritorialweb.com.ar\/web\/?p=22777"},"modified":"2021-06-03T04:43:10","modified_gmt":"2021-06-03T04:43:10","slug":"fernandez-la-obra-publica-es-conectar-a-la-argentina-y-acercar-pueblos-afirmo-el-presidente","status":"publish","type":"post","link":"https:\/\/elterritorialweb.com.ar\/web\/fernandez-la-obra-publica-es-conectar-a-la-argentina-y-acercar-pueblos-afirmo-el-presidente\/","title":{"rendered":"FERN\u00c1NDEZ: \u201cLA OBRA P\u00daBLICA ES CONECTAR A LA ARGENTINA Y ACERCAR PUEBLOS\u201d"},"content":{"rendered":"\n<p>\u201cLa obra p\u00fablica es conectar a la Argentina, es acercar pueblos, es mejorar el transporte y facilitar la labor de quien produce\u201d, afirm\u00f3 el Jefe de Estado, quien estuvo acompa\u00f1ado por el gobernador Axel Kicillof; el ministro de Obras P\u00fablicas, Gabriel Katopodis; y el administrador general de Vialidad Nacional, Gustavo Arrieta, los intendentes de los municipios que recorre la traza y otras autoridades.<\/p>\n\n\n\n<p>\u201cEl PPP que impulsaba estas obras ten\u00eda un costo de 25 mil millones de pesos, y nosotros ahora estamos licitando la misma obra por 9 mil millones de pesos, varios a\u00f1os despu\u00e9s y con pandemia en el medio\u201d, contrast\u00f3 Fern\u00e1ndez y resalt\u00f3 que se trata de una obra \u201ctrascendente\u201d porque une el Atl\u00e1ntico con Chile.<\/p>\n\n\n\n<p>\u201cLes agradezco a los intendentes que me acompa\u00f1an, que no son parte de nuestra fuerza pol\u00edtica pero est\u00e1n gobernando con nosotros y entienden la responsabilidad del momento\u201d, dijo y enfatiz\u00f3 que \u201clo \u00fanico que nos preocupa es mejorar la vida de hombres y mujeres que necesitan estar mejor\u201d.<\/p>\n\n\n\n<p>\u201cDetr\u00e1s de la obra p\u00fablica hay un fuerte motorizador de la econom\u00eda\u201d, consider\u00f3 asimismo el mandatario y a su vez agradeci\u00f3 a los trabajadores que se desempe\u00f1aron en la construcci\u00f3n y expres\u00f3 su deseo de que \u201cse multipliquen en la continuidad de esta obra y en todo el pa\u00eds, porque son hombres y mujeres que necesitan volver a poner su fuerza motora para que la Argentina se reactive\u201d.<\/p>\n\n\n\n<p>En el inicio del acto, el Presidente expres\u00f3 que el tramo concluido \u201cune dos ciudades que yo quiero mucho: una es Chacabuco y la otra es Jun\u00edn, la ciudad de Mario Meoni, alguien a quien todos quisimos enormemente y que encontr\u00f3 en este lugar el fin de sus d\u00edas\u201d.<\/p>\n\n\n\n<p>Por su parte, Kicillof se\u00f1al\u00f3 que \u201chac\u00eda mucho tiempo que no hab\u00eda una conexi\u00f3n tan fuerte entre el Gobierno nacional y el provincial con los trabajos que se hacen en cada intendencia\u201d.<\/p>\n\n\n\n<p>El tramo total habilitado se extiende del kil\u00f3metro 219 al 258,7, en cuyos trabajos el Gobierno nacional invirti\u00f3 2.242 millones de pesos, y generaron 160 puestos de trabajo. La transformaci\u00f3n de la RN 7 en autopista es parte del Corredor Bioce\u00e1nico que finaliza en el Paso Fronterizo Cristo Redentor, une Mendoza con la regi\u00f3n chilena de Valpara\u00edso y es un reclamo hist\u00f3rico de los vecinos del noroeste bonaerense.<\/p>\n\n\n\n<p>Desde el inicio de la obra, en septiembre de 2015, hasta diciembre de 2019, en cuatro a\u00f1os y tres meses de ejecuci\u00f3n, s\u00f3lo se complet\u00f3 el 57 por ciento de la misma. Durante la actual gesti\u00f3n, en menos de la mitad de ese tiempo, unos 18 meses, se termin\u00f3 el resto de la obra de autopista, se completaron los trabajos en el tramo inaugurado, se construyeron los distribuidores de O&#8217;Higgins y Membrillar, y el puente sobre el R\u00edo Salado.<\/p>\n\n\n\n<p>La RN 7 recorre el noroeste bonaerense, pasando por las localidades de Luj\u00e1n, San Andr\u00e9s de Giles, Carmen de Areco, Chacabuco y Jun\u00edn. Es una de las 10 obras viales de mayor relevancia que el Gobierno nacional financia y ejecuta en las principales rutas provinciales.<\/p>\n","protected":false},"excerpt":{"rendered":"<p>El presidente Alberto Fern\u00e1ndez encabez\u00f3 hoy el acto de habilitaci\u00f3n de 39,7 kil\u00f3metros de la Autopista Ruta Nacional 7 en el tramo Chacabuco \u2013 Jun\u00edn, en la provincia de Buenos Aires, incluidos 19,7 kil\u00f3metros que fueron inaugurados en octubre de 2019 pero debieron ser cerrados cuatro meses despu\u00e9s al no estar en condiciones por falta de obras para la correcta circulaci\u00f3n diaria de 8.600 veh\u00edculos, que desde ahora tendr\u00e1n mayor seguridad vial y ahorrar\u00e1n tiempos de viaje.<\/p>\n","protected":false},"author":2,"featured_media":22778,"comment_status":"open","ping_status":"open","sticky":false,"template":"","format":"standard","meta":{"om_disable_all_campaigns":false,"_monsterinsights_skip_tracking":false,"_monsterinsights_sitenote_active":false,"_monsterinsights_sitenote_note":"","_monsterinsights_sitenote_category":0,"_uf_show_specific_survey":0,"_uf_disable_surveys":false,"jetpack_post_was_ever_published":false,"_jetpack_newsletter_access":"","_jetpack_dont_email_post_to_subs":false,"_jetpack_newsletter_tier_id":0,"_jetpack_memberships_contains_paywalled_content":false,"_jetpack_memberships_contains_paid_content":false,"footnotes":"","jetpack_publicize_message":"","jetpack_publicize_feature_enabled":true,"jetpack_social_post_already_shared":false,"jetpack_social_options":{"image_generator_settings":{"template":"highway","default_image_id":0,"font":"","enabled":false},"version":2}},"categories":[18],"tags":[],"class_list":["post-22777","post","type-post","status-publish","format-standard","has-post-thumbnail","hentry","category-politica"],"aioseo_notices":[],"views":4,"jetpack_publicize_connections":[],"jetpack_featured_media_url":"https:\/\/i0.wp.com\/elterritorialweb.com.ar\/web\/wp-content\/uploads\/2021\/06\/ruta.jpg?fit=1940%2C1293&ssl=1","jetpack_sharing_enabled":true,"_links":{"self":[{"href":"https:\/\/elterritorialweb.com.ar\/web\/wp-json\/wp\/v2\/posts\/22777","targetHints":{"allow":["GET"]}}],"collection":[{"href":"https:\/\/elterritorialweb.com.ar\/web\/wp-json\/wp\/v2\/posts"}],"about":[{"href":"https:\/\/elterritorialweb.com.ar\/web\/wp-json\/wp\/v2\/types\/post"}],"author":[{"embeddable":true,"href":"https:\/\/elterritorialweb.com.ar\/web\/wp-json\/wp\/v2\/users\/2"}],"replies":[{"embeddable":true,"href":"https:\/\/elterritorialweb.com.ar\/web\/wp-json\/wp\/v2\/comments?post=22777"}],"version-history":[{"count":2,"href":"https:\/\/elterritorialweb.com.ar\/web\/wp-json\/wp\/v2\/posts\/22777\/revisions"}],"predecessor-version":[{"id":22780,"href":"https:\/\/elterritorialweb.com.ar\/web\/wp-json\/wp\/v2\/posts\/22777\/revisions\/22780"}],"wp:featuredmedia":[{"embeddable":true,"href":"https:\/\/elterritorialweb.com.ar\/web\/wp-json\/wp\/v2\/media\/22778"}],"wp:attachment":[{"href":"https:\/\/elterritorialweb.com.ar\/web\/wp-json\/wp\/v2\/media?parent=22777"}],"wp:term":[{"taxonomy":"category","embeddable":true,"href":"https:\/\/elterritorialweb.com.ar\/web\/wp-json\/wp\/v2\/categories?post=22777"},{"taxonomy":"post_tag","embeddable":true,"href":"https:\/\/elterritorialweb.com.ar\/web\/wp-json\/wp\/v2\/tags?post=22777"}],"curies":[{"name":"wp","href":"https:\/\/api.w.org\/{rel}","templated":true}]}}