{"id":22781,"date":"2021-06-03T04:54:17","date_gmt":"2021-06-03T04:54:17","guid":{"rendered":"http:\/\/elterritorialweb.com.ar\/web\/?p=22781"},"modified":"2021-06-03T05:10:34","modified_gmt":"2021-06-03T05:10:34","slug":"el-mercado-automotriz-es-la-nave-insignia-de-la-industria-argentina-expreso-el-presidente","status":"publish","type":"post","link":"https:\/\/elterritorialweb.com.ar\/web\/el-mercado-automotriz-es-la-nave-insignia-de-la-industria-argentina-expreso-el-presidente\/","title":{"rendered":"EL MERCADO AUTOMOTRIZ \u00abES LA NAVE INSIGNIA DE LA INDUSTRIA ARGENTINA\u00bb EXPRESO EL PRESIDENTE"},"content":{"rendered":"\n<p>\u201cLa industria automotriz es la nave insignia de la industria argentina y este proyecto ser\u00e1 una inyecci\u00f3n y cumplir\u00e1 la deuda de tener movilidad que no sea contaminante. La electro movilidad es una forma de garantizar que el carbono contamine menos el aire que respiramos\u201d, se\u00f1al\u00f3 el Jefe de Estado, quien agreg\u00f3 que \u201cestamos dando un paso muy importante. Me obsesiona de la industria automotriz c\u00f3mo garantizamos que se incorpore producci\u00f3n argentina\u201d.<\/p>\n\n\n\n<p>En ese contexto, puntualiz\u00f3 que \u201cestamos alcanzando autom\u00f3viles con casi el 40 por ciento de autopartes nacionales, lo que genera trabajo, desarrollo de tecnolog\u00eda, federalismo y la integraci\u00f3n del Gobierno nacional con la provincia de Buenos Aires\u201d.<\/p>\n\n\n\n<p>Del encuentro que tuvo lugar en el Sal\u00f3n Eva Per\u00f3n, en el que el Jefe de Estado estuvo acompa\u00f1ado por el secretario de Industria, Econom\u00eda del Conocimiento y Gesti\u00f3n Comercial Externa, Ariel Schale, participaron por la compa\u00f1\u00eda argentina Mirgor su presidente Roberto V\u00e1zquez; el CEO, Jos\u00e9 Luis Alonso; y los directores de Nuevos Negocios, Mercedes Rotond\u00f3, y de Relaciones Institucionales, Juan Donal, y el ministro de Producci\u00f3n, Ciencia e Innovaci\u00f3n Tecnol\u00f3gica bonaerense, Augusto Costa.<\/p>\n\n\n\n<p>Tambi\u00e9n estuvieron presentes el gerente general de Relaciones Gubernamentales y Comercio Exterior de Toyota Argentina, Ezequiel Vallejos Meana; el intendente de Baradero, Esteban Sanzio, y por el Sindicato de Mec\u00e1nicos y Afines del Transporte Automotor (SMATA), el secretario adjunto, Mario Manrique, y el asesor Juli\u00e1n Dom\u00ednguez.&nbsp;<\/p>\n\n\n\n<p>Por su parte, Schale destac\u00f3 que el Gobierno est\u00e1 \u201crevirtiendo un proceso\u201c y tras detallar que \u201cestamos llegando a los 500 mil veh\u00edculos producidos. En 2011 eran 850 mil y despu\u00e9s de 2019, 300 mil\u201d, enfatiz\u00f3: \u201cEs un trabajo articulado entre todos los sectores para salir de la crisis\u201d.<\/p>\n\n\n\n<p>El proyecto de Mirgor, dividido en tres etapas, prev\u00e9 una inversi\u00f3n inicial para 2022 de 12 millones de d\u00f3lares, con la generaci\u00f3n de 100 empleos directos. En 2023 el desembolso ser\u00e1 de 4,1 millones de d\u00f3lares con 150 puestos de trabajo y finalmente en 2025 se inyectar\u00e1n 51 millones de d\u00f3lares, con 500 empleos.&nbsp;<\/p>\n\n\n\n<p>La empresa ONTEC, que estar\u00e1 liderada por argentinos, producir\u00e1 piezas especiales para la industria automotriz que son la combinaci\u00f3n de productos pl\u00e1sticos y electr\u00f3nicos de alta complejidad, de la cual hasta ahora no hay tecnolog\u00eda en el pa\u00eds, sustituyendo importaciones por m\u00e1s de 25 millones de d\u00f3lares al a\u00f1o.&nbsp; Las partes pl\u00e1sticas se elaborar\u00e1n directamente en Baradero y las electr\u00f3nicas en la ciudad fueguina de R\u00edo Grande. El montaje final y entrega a terminales ser\u00e1 desde la zona industrial situada en la Ruta Nacional N\u00b0 9 y la Provincial N\u00b0 41, en una parcela del Municipio.&nbsp;<\/p>\n\n\n\n<p>Est\u00e1 previsto que produzca m\u00e1s de 400 mil piezas al a\u00f1o s\u00f3lo para su cliente estrat\u00e9gico Toyota Argentina, pero otras terminales automotrices podr\u00e1n sumarse como clientes.&nbsp;<\/p>\n\n\n\n<p>ONTEC tambi\u00e9n impulsar\u00e1 la exportaci\u00f3n de pick ups de producci\u00f3n nacional, y se podr\u00e1n exportar las piezas en forma directa a otras terminales automotrices de Mercosur y el resto del mundo.<\/p>\n","protected":false},"excerpt":{"rendered":"<p>El presidente Alberto Fern\u00e1ndez encabez\u00f3 esta tarde en la Casa Rosada una reuni\u00f3n en la que directivos del Grupo Mirgor anunciaron una inversi\u00f3n de 71 millones de d\u00f3lares en cuatro a\u00f1os y la generaci\u00f3n de 750 puestos de trabajo, adem\u00e1s de la sustituci\u00f3n de importaciones, en una planta con sede en el partido bonaerense de Baradero que fabricar\u00e1 piezas de alta complejidad y calidad para el mercado automotriz a trav\u00e9s de una nueva firma nacional llamada ONTEC, con respaldo tecnol\u00f3gico japon\u00e9s. <\/p>\n","protected":false},"author":2,"featured_media":22785,"comment_status":"open","ping_status":"open","sticky":false,"template":"","format":"standard","meta":{"om_disable_all_campaigns":false,"_monsterinsights_skip_tracking":false,"_monsterinsights_sitenote_active":false,"_monsterinsights_sitenote_note":"","_monsterinsights_sitenote_category":0,"_uf_show_specific_survey":0,"_uf_disable_surveys":false,"jetpack_post_was_ever_published":false,"_jetpack_newsletter_access":"","_jetpack_dont_email_post_to_subs":false,"_jetpack_newsletter_tier_id":0,"_jetpack_memberships_contains_paywalled_content":false,"_jetpack_memberships_contains_paid_content":false,"footnotes":"","jetpack_publicize_message":"","jetpack_publicize_feature_enabled":true,"jetpack_social_post_already_shared":false,"jetpack_social_options":{"image_generator_settings":{"template":"highway","default_image_id":0,"font":"","enabled":false},"version":2}},"categories":[18],"tags":[],"class_list":["post-22781","post","type-post","status-publish","format-standard","has-post-thumbnail","hentry","category-politica"],"aioseo_notices":[],"views":5,"jetpack_publicize_connections":[],"jetpack_featured_media_url":"https:\/\/i0.wp.com\/elterritorialweb.com.ar\/web\/wp-content\/uploads\/2021\/06\/InShot_20210603_020524287-scaled.jpg?fit=2560%2C1245&ssl=1","jetpack_sharing_enabled":true,"_links":{"self":[{"href":"https:\/\/elterritorialweb.com.ar\/web\/wp-json\/wp\/v2\/posts\/22781","targetHints":{"allow":["GET"]}}],"collection":[{"href":"https:\/\/elterritorialweb.com.ar\/web\/wp-json\/wp\/v2\/posts"}],"about":[{"href":"https:\/\/elterritorialweb.com.ar\/web\/wp-json\/wp\/v2\/types\/post"}],"author":[{"embeddable":true,"href":"https:\/\/elterritorialweb.com.ar\/web\/wp-json\/wp\/v2\/users\/2"}],"replies":[{"embeddable":true,"href":"https:\/\/elterritorialweb.com.ar\/web\/wp-json\/wp\/v2\/comments?post=22781"}],"version-history":[{"count":1,"href":"https:\/\/elterritorialweb.com.ar\/web\/wp-json\/wp\/v2\/posts\/22781\/revisions"}],"predecessor-version":[{"id":22783,"href":"https:\/\/elterritorialweb.com.ar\/web\/wp-json\/wp\/v2\/posts\/22781\/revisions\/22783"}],"wp:featuredmedia":[{"embeddable":true,"href":"https:\/\/elterritorialweb.com.ar\/web\/wp-json\/wp\/v2\/media\/22785"}],"wp:attachment":[{"href":"https:\/\/elterritorialweb.com.ar\/web\/wp-json\/wp\/v2\/media?parent=22781"}],"wp:term":[{"taxonomy":"category","embeddable":true,"href":"https:\/\/elterritorialweb.com.ar\/web\/wp-json\/wp\/v2\/categories?post=22781"},{"taxonomy":"post_tag","embeddable":true,"href":"https:\/\/elterritorialweb.com.ar\/web\/wp-json\/wp\/v2\/tags?post=22781"}],"curies":[{"name":"wp","href":"https:\/\/api.w.org\/{rel}","templated":true}]}}