{"id":22791,"date":"2021-06-03T14:12:16","date_gmt":"2021-06-03T14:12:16","guid":{"rendered":"http:\/\/elterritorialweb.com.ar\/web\/?p=22791"},"modified":"2021-06-03T14:12:17","modified_gmt":"2021-06-03T14:12:17","slug":"con-messi-desde-el-arranque-argentina-recibe-a-chile-en-el-madre-de-ciudades","status":"publish","type":"post","link":"https:\/\/elterritorialweb.com.ar\/web\/con-messi-desde-el-arranque-argentina-recibe-a-chile-en-el-madre-de-ciudades\/","title":{"rendered":"CON MESSI DESDE EL ARRANQUE, ARGENTINA RECIBE A CHILE EN EL MADRE DE CIUDADES"},"content":{"rendered":"\n<p>El seleccionado argentino, liderado por su capit\u00e1n&nbsp;<strong>Lionel Messi<\/strong>, ser\u00e1 local este jueves ante Chile en la reanudaci\u00f3n de la&nbsp;<strong>eliminatoria sudamericana para la Copa del Mundo de Qatar 2022<\/strong>, tras casi siete meses de inactividad en la competencia a causa de la pandemia de coronavirus, con el desarrollo de la s\u00e9ptima fecha.<\/p>\n\n\n\n<p>El partido se jugar\u00e1 en el&nbsp;<strong>Estadio \u00danico Madre de Ciudades, en Santiago del Estero, desde las 21<\/strong>, con el arbitraje de&nbsp;<strong>Jes\u00fas Valenzuela<\/strong>, de Venezuela, con televisaci\u00f3n por parte de TyC Sports. El pr\u00f3ximo martes se realizar\u00e1 la octava jornada y el equipo de&nbsp;<strong>Lionel Scaloni<\/strong>&nbsp;visitar\u00e1 a Colombia.<\/p>\n\n\n\n<p>Las posiciones de la eliminatoria tras cuatro fechas (la quinta y sexta que iban a disputarse en marzo pasado y fueron suspendidas porque Alemania e Inglaterra no ced\u00edan a los jugadores por la pandemia de coronavirus, pasar\u00e1n para el mismo mes del a\u00f1o pr\u00f3ximo), son: Brasil, 12 puntos; Argentina, 10; Ecuador, 9; Paraguay y Uruguay, 6; Chile y Colombia, 4; Venezuela, 3; Per\u00fa y Bolivia, 1.<\/p>\n\n\n\n<p>Los\u00a0<strong>cuatro primeros se clasifican<\/strong>\u00a0directamente para Qatar 2022, que se jugar\u00e1 en noviembre del a\u00f1o pr\u00f3ximo, y el quinto afrontar\u00e1 un repechaje.<\/p>\n\n\n\n<p>Scaloni, quien confirm\u00f3 el equipo el mi\u00e9rcoles al mediod\u00eda, tiene como una de sus prioridades\u00a0<strong>que Messi sienta c\u00f3modo en el seleccionado<\/strong>, con una generaci\u00f3n nueva que est\u00e1 conociendo y que pueda acoplarse a ella dejando de lado a la hist\u00f3rica con la cual vivi\u00f3 muchas de su mayores frustraciones en el f\u00fatbol y con la que no pudo ser campe\u00f3n.<\/p>\n\n\n\n<figure class=\"wp-block-embed is-type-rich is-provider-twitter wp-block-embed-twitter\"><div class=\"wp-block-embed__wrapper\">\n<div class=\"embed-twitter\"><blockquote class=\"twitter-tweet\" data-width=\"550\" data-dnt=\"true\"><p lang=\"es\" dir=\"ltr\"><a href=\"https:\/\/twitter.com\/hashtag\/Selecci%C3%B3nMayor?src=hash&amp;ref_src=twsrc%5Etfw\">#Selecci\u00f3nMayor<\/a> \ud83c\udf99\ufe0f <a href=\"https:\/\/twitter.com\/lioscaloni?ref_src=twsrc%5Etfw\">@lioscaloni<\/a> en conferencia de prensa: &quot;El equipo est\u00e1 definido. Vamos a jugar con Mart\u00ednez, Foyth, Romero, Mart\u00ednez Quarta, Tagliafico, Paredes, Ocampos, De Paul, Messi, Di Mar\u00eda y Lautaro Mart\u00ednez&quot;. <a href=\"https:\/\/t.co\/tWbU1qo6Qx\">pic.twitter.com\/tWbU1qo6Qx<\/a><\/p>&mdash; \ud83c\udde6\ud83c\uddf7 Selecci\u00f3n Argentina \u2b50\u2b50\u2b50 (@Argentina) <a href=\"https:\/\/twitter.com\/Argentina\/status\/1400128594219778051?ref_src=twsrc%5Etfw\">June 2, 2021<\/a><\/blockquote><script async src=\"https:\/\/platform.twitter.com\/widgets.js\" charset=\"utf-8\"><\/script><\/div>\n<\/div><\/figure>\n\n\n\n<p>El entrenador comprendi\u00f3 sin dilaciones que estando bien el astro rosarino del Barcelona, todo se puede simplificar para Argentina en cualquier competencia que encare bajo su gesti\u00f3n, puesto que el equipo nacional sin el \u00ab10\u00bb pasa a ser un equipo ordinario, con una relevancia relativa.<\/p>\n\n\n\n<p>Argentina, que re\u00fane tres triunfos y un empate (ante Paraguay en cancha de Boca) presentar\u00eda algunos cambios destacados ante los trasandinos y el primero que surge ser\u00eda el ingreso de\u00a0<strong>Emiliano Mart\u00ednez<\/strong>\u00a0(del Aston Vila ingl\u00e9s), el mejor arquero de la Premier League en lugar de\u00a0<strong>Franco Armani<\/strong>, quien llega con poca actividad tras atravesar un covid-19 positivo.<\/p>\n\n\n\n<p>En la zona media se mantendr\u00e1 uno de los favoritos de Scaloni,\u00a0<strong>Rodrigo De Paul<\/strong>\u00a0(de Udinese de Italia), junto a\u00a0<strong>Leandro Paredes<\/strong>\u00a0(del Par\u00eds Saint Germain), m\u00e1s el aporte de\u00a0<strong>Lucas Ocampos<\/strong>\u00a0y\u00a0<strong>Angel Di Mar\u00eda<\/strong>.<\/p>\n\n\n\n<p>En la ofensiva no habr\u00e1 secretos ni dudas con Messi y&nbsp;<strong>Lautaro Mart\u00ednez<\/strong>, con la reafirmaci\u00f3n del goleador del Inter italiano.<\/p>\n\n\n\n<p><strong>Formaci\u00f3n chilena<\/strong><\/p>\n\n\n\n<p>Chile tendr\u00e1 el debut oficial del entrenador\u00a0<strong>Mart\u00edn Lasarte<\/strong>, que solo dirigi\u00f3 al equipo en un amistoso ganado ante Bolivia y que reemplaza en el cargo al colombiano\u00a0<strong>Reinaldo Rueda<\/strong>. El plantel de la \u00abroja\u00bb ya se encuentra en Santiago del Estero.<\/p>\n\n\n\n<p>El equipo trasandino no podr\u00e1 contar con un \u00abcacique\u00bb como&nbsp;<strong>Arturo Vidal<\/strong>, quien se contagio de Covid-19, siendo el jugador del Inter italiano fundamental en todo aspecto, en juego, temperamento y ascendencia sobre su compa\u00f1eros. En su lugar ingresar\u00eda&nbsp;<strong>Pablo Galdames<\/strong>, el jugador de V\u00e9lez.<\/p>\n\n\n\n<p>En la ofensiva Chile presentar\u00e1 a dos jugadores de la llamada \u00abGeneraci\u00f3n dorada\u00bb, la que obtuvo dos Copa Am\u00e9rica con entrenadores argentinos,&nbsp;<strong>Jorge Sampaoli<\/strong>&nbsp;y&nbsp;<strong>Juan Antonio Pizzi<\/strong>, y son&nbsp;<strong>Alexis S\u00e1nchez<\/strong>&nbsp;(Inter de Italia) y&nbsp;<strong>Eduardo Vargas<\/strong>&nbsp;(Atl\u00e9tico Mineiro de Brasil).<\/p>\n\n\n\n<p>En el historial de eliminatorias, jugaron 13 veces, con nueve triunfo de Argentina (24 goles), tres empates y una victoria de Chile (8 tantos).<\/p>\n","protected":false},"excerpt":{"rendered":"<p>El equipo \u00abalbiceleste\u00bb y los trasandinos disputar\u00e1n, desde las 21, uno de los cuatro duelos por la jornada de clasificatorias para la Copa del Mundo de Qatar 2022, tras casi siete meses de inactividad a causa de la pandemia<\/p>\n","protected":false},"author":2,"featured_media":22792,"comment_status":"open","ping_status":"open","sticky":false,"template":"","format":"standard","meta":{"om_disable_all_campaigns":false,"_monsterinsights_skip_tracking":false,"_monsterinsights_sitenote_active":false,"_monsterinsights_sitenote_note":"","_monsterinsights_sitenote_category":0,"_uf_show_specific_survey":0,"_uf_disable_surveys":false,"jetpack_post_was_ever_published":false,"_jetpack_newsletter_access":"","_jetpack_dont_email_post_to_subs":false,"_jetpack_newsletter_tier_id":0,"_jetpack_memberships_contains_paywalled_content":false,"_jetpack_memberships_contains_paid_content":false,"footnotes":"","jetpack_publicize_message":"","jetpack_publicize_feature_enabled":true,"jetpack_social_post_already_shared":false,"jetpack_social_options":{"image_generator_settings":{"template":"highway","default_image_id":0,"font":"","enabled":false},"version":2}},"categories":[6],"tags":[],"class_list":["post-22791","post","type-post","status-publish","format-standard","has-post-thumbnail","hentry","category-deportes"],"aioseo_notices":[],"views":3,"jetpack_publicize_connections":[],"jetpack_featured_media_url":"https:\/\/i0.wp.com\/elterritorialweb.com.ar\/web\/wp-content\/uploads\/2021\/06\/MESSI-SELECCION.jpg?fit=2048%2C1365&ssl=1","jetpack_sharing_enabled":true,"_links":{"self":[{"href":"https:\/\/elterritorialweb.com.ar\/web\/wp-json\/wp\/v2\/posts\/22791","targetHints":{"allow":["GET"]}}],"collection":[{"href":"https:\/\/elterritorialweb.com.ar\/web\/wp-json\/wp\/v2\/posts"}],"about":[{"href":"https:\/\/elterritorialweb.com.ar\/web\/wp-json\/wp\/v2\/types\/post"}],"author":[{"embeddable":true,"href":"https:\/\/elterritorialweb.com.ar\/web\/wp-json\/wp\/v2\/users\/2"}],"replies":[{"embeddable":true,"href":"https:\/\/elterritorialweb.com.ar\/web\/wp-json\/wp\/v2\/comments?post=22791"}],"version-history":[{"count":1,"href":"https:\/\/elterritorialweb.com.ar\/web\/wp-json\/wp\/v2\/posts\/22791\/revisions"}],"predecessor-version":[{"id":22793,"href":"https:\/\/elterritorialweb.com.ar\/web\/wp-json\/wp\/v2\/posts\/22791\/revisions\/22793"}],"wp:featuredmedia":[{"embeddable":true,"href":"https:\/\/elterritorialweb.com.ar\/web\/wp-json\/wp\/v2\/media\/22792"}],"wp:attachment":[{"href":"https:\/\/elterritorialweb.com.ar\/web\/wp-json\/wp\/v2\/media?parent=22791"}],"wp:term":[{"taxonomy":"category","embeddable":true,"href":"https:\/\/elterritorialweb.com.ar\/web\/wp-json\/wp\/v2\/categories?post=22791"},{"taxonomy":"post_tag","embeddable":true,"href":"https:\/\/elterritorialweb.com.ar\/web\/wp-json\/wp\/v2\/tags?post=22791"}],"curies":[{"name":"wp","href":"https:\/\/api.w.org\/{rel}","templated":true}]}}