{"id":22795,"date":"2021-06-03T20:18:31","date_gmt":"2021-06-03T20:18:31","guid":{"rendered":"http:\/\/elterritorialweb.com.ar\/web\/?p=22795"},"modified":"2021-06-03T20:18:31","modified_gmt":"2021-06-03T20:18:31","slug":"la-banda-informan-facilidades-de-pagos-para-las-habilitaciones-de-taxi-y-radiotaxis","status":"publish","type":"post","link":"https:\/\/elterritorialweb.com.ar\/web\/la-banda-informan-facilidades-de-pagos-para-las-habilitaciones-de-taxi-y-radiotaxis\/","title":{"rendered":"LA BANDA: INFORMAN FACILIDADES DE PAGOS PARA LAS HABILITACIONES DE TAXI Y RADIOTAXIS"},"content":{"rendered":"\n<p>En este sentido, el monto de la habilitaci\u00f3n provisoria para dichos veh\u00edculos, podr\u00e1n abonarse hasta en tres cuotas. Siendo as\u00ed, el monto de la habilitaci\u00f3n anual, podr\u00e1 abonarse hasta en seis cuotas.<\/p>\n\n\n\n<p>El coordinador de la Direcci\u00f3n, Diego Ju\u00e1rez, dijo al respecto: \u201cEsto se logr\u00f3 concretar gracias a la buena predisposici\u00f3n del intendente Mirolo, como una forma de ayuda a todas las familias que dependen de este trabajo, teniendo en cuenta la crisis econ\u00f3mica que atravesamos a causas de la pandemia, el municipio suma este nuevo beneficio para facilitar las formas de pago y as\u00ed los conductores puedan continuar brindando su servicio de la manera correcta\u201d.<\/p>\n\n\n\n<p>Adem\u00e1s, explic\u00f3 que solo por este a\u00f1o, a partir del lunes 7 de junio, se podr\u00e1n habilitar los veh\u00edculos desde el modelo 2010.<\/p>\n\n\n\n<p>Cabe destacar, que los interesados pueden ver los requisitos para la habilitaci\u00f3n de taxis y radiotaxis ingresando en https:\/\/transito.labanda.gob.ar\/mas-informacion\/<\/p>\n","protected":false},"excerpt":{"rendered":"<p>La Direcci\u00f3n de Tr\u00e1nsito y Transporte de la Municipalidad de La Banda, informan a los due\u00f1os y\/o conductores de taxis y radiotaxis, los nuevos aranceles y formas de pago de la habilitaci\u00f3n correspondiente para el transporte de pasajeros.<\/p>\n","protected":false},"author":2,"featured_media":22796,"comment_status":"open","ping_status":"open","sticky":false,"template":"","format":"standard","meta":{"om_disable_all_campaigns":false,"_monsterinsights_skip_tracking":false,"_monsterinsights_sitenote_active":false,"_monsterinsights_sitenote_note":"","_monsterinsights_sitenote_category":0,"_uf_show_specific_survey":0,"_uf_disable_surveys":false,"jetpack_post_was_ever_published":false,"_jetpack_newsletter_access":"","_jetpack_dont_email_post_to_subs":false,"_jetpack_newsletter_tier_id":0,"_jetpack_memberships_contains_paywalled_content":false,"_jetpack_memberships_contains_paid_content":false,"footnotes":"","jetpack_publicize_message":"","jetpack_publicize_feature_enabled":true,"jetpack_social_post_already_shared":false,"jetpack_social_options":{"image_generator_settings":{"template":"highway","default_image_id":0,"font":"","enabled":false},"version":2}},"categories":[21],"tags":[],"class_list":["post-22795","post","type-post","status-publish","format-standard","has-post-thumbnail","hentry","category-locales"],"aioseo_notices":[],"views":9,"jetpack_publicize_connections":[],"jetpack_featured_media_url":"https:\/\/i0.wp.com\/elterritorialweb.com.ar\/web\/wp-content\/uploads\/2021\/06\/LA-BANDA-HABILITACIONES-DE-TAXIS.jpeg?fit=1030%2C771&ssl=1","jetpack_sharing_enabled":true,"_links":{"self":[{"href":"https:\/\/elterritorialweb.com.ar\/web\/wp-json\/wp\/v2\/posts\/22795","targetHints":{"allow":["GET"]}}],"collection":[{"href":"https:\/\/elterritorialweb.com.ar\/web\/wp-json\/wp\/v2\/posts"}],"about":[{"href":"https:\/\/elterritorialweb.com.ar\/web\/wp-json\/wp\/v2\/types\/post"}],"author":[{"embeddable":true,"href":"https:\/\/elterritorialweb.com.ar\/web\/wp-json\/wp\/v2\/users\/2"}],"replies":[{"embeddable":true,"href":"https:\/\/elterritorialweb.com.ar\/web\/wp-json\/wp\/v2\/comments?post=22795"}],"version-history":[{"count":1,"href":"https:\/\/elterritorialweb.com.ar\/web\/wp-json\/wp\/v2\/posts\/22795\/revisions"}],"predecessor-version":[{"id":22797,"href":"https:\/\/elterritorialweb.com.ar\/web\/wp-json\/wp\/v2\/posts\/22795\/revisions\/22797"}],"wp:featuredmedia":[{"embeddable":true,"href":"https:\/\/elterritorialweb.com.ar\/web\/wp-json\/wp\/v2\/media\/22796"}],"wp:attachment":[{"href":"https:\/\/elterritorialweb.com.ar\/web\/wp-json\/wp\/v2\/media?parent=22795"}],"wp:term":[{"taxonomy":"category","embeddable":true,"href":"https:\/\/elterritorialweb.com.ar\/web\/wp-json\/wp\/v2\/categories?post=22795"},{"taxonomy":"post_tag","embeddable":true,"href":"https:\/\/elterritorialweb.com.ar\/web\/wp-json\/wp\/v2\/tags?post=22795"}],"curies":[{"name":"wp","href":"https:\/\/api.w.org\/{rel}","templated":true}]}}