{"id":22805,"date":"2021-06-03T20:56:39","date_gmt":"2021-06-03T20:56:39","guid":{"rendered":"http:\/\/elterritorialweb.com.ar\/web\/?p=22805"},"modified":"2021-06-03T20:56:40","modified_gmt":"2021-06-03T20:56:40","slug":"cafiero-en-el-senado-el-gobierno-esta-atendiendo-las-consecuencias-de-la-pandemia","status":"publish","type":"post","link":"https:\/\/elterritorialweb.com.ar\/web\/cafiero-en-el-senado-el-gobierno-esta-atendiendo-las-consecuencias-de-la-pandemia\/","title":{"rendered":"CAFIERO EN EL SENADO: \u00abEL GOBIERNO ESTA ATENDIENDO LAS CONSECUENCIAS DE LA PANDEMIA\u00bb"},"content":{"rendered":"\n<p>En el marco de su informe ante el cuerpo legislativo El jefe de Gabinete de Ministros,<strong>responsabiliz\u00f3 a la oposici\u00f3n de \u00abpartidizar\u00bb la situaci\u00f3n sanitaria&nbsp;<\/strong>en medio de la pandemia de coronavirus y<strong>&nbsp;asegur\u00f3 que mientras el presidente, Alberto Fern\u00e1ndez, \u00abse la juega por salvar la vida de argentinas y argentinos la oposici\u00f3n se juega la pr\u00f3xima elecci\u00f3n y los medios se juegan el rating\u00bb.<\/strong><\/p>\n\n\n\n<p>Durante el informe de gesti\u00f3n ante el Senado, Santiago Cafiero tambi\u00e9n se\u00f1al\u00f3 al Gobierno de la Ciudad de Buenos Aires por \u00abjudicializar\u00bb la situaci\u00f3n sanitaria y a la Corte Suprema de Justicia por \u00abpolitizar\u00bb las decisiones, al sostener que \u00abpartidizar las preocupaciones de todos es degradar la pol\u00edtica\u00bb.<\/p>\n\n\n\n<p>\u00abCada uno va a asumir sus responsabilidades y todos vamos a tener que rendir cuentas.\u00a0<strong>Que en medio de la pandemia un distrito haya incumplido normas y un poder del Estado haya querido ejercer potestades que no les corresponden es algo por lo que se van a tener que rendir cuentas\u00bb\u00a0<\/strong>plante\u00f3 el funcionario ante los legisladores.<\/p>\n\n\n\n<p>En su exposici\u00f3n, Cafiero pidi\u00f3 a los espacios opositores \u00abun debate franco de ideas\u00bb alejado de \u00abgriter\u00edos y sets de televisi\u00f3n\u00bb y les reclam\u00f3 tener \u00abhonestidad\u00bb y no adoptar \u00abuna posici\u00f3n parcial\u00bb de la realidad.<\/p>\n\n\n\n<p>\u00abEl Gobierno est\u00e1 atendiendo las consecuencias de la pandemia\u00bb, asegur\u00f3 el funcionario y explic\u00f3 que el jefe del Estado, Alberto Fern\u00e1ndez, advirti\u00f3 en marzo que la segunda ola \u00abser\u00eda m\u00e1s virulenta y agresiva\u00bb.<\/p>\n\n\n\n<p>Cafiero se\u00f1al\u00f3 que con el tiempo \u00abse sabr\u00e1 qui\u00e9nes escucharon m\u00e1s a los encuestadores que a los infect\u00f3logos y ratific\u00f3 que el Presidente \u00absigue convocando al di\u00e1logo\u00bb.<\/p>\n\n\n\n<p>\u00abNo hagamos pol\u00edtica con la pandemia\u00bb, reclam\u00f3 el jefe de Gabinete, y afirm\u00f3 que lo que sucede en la Argentina \u00abgolpea\u00bb al mundo tambi\u00e9n.<\/p>\n\n\n\n<p>Tambi\u00e9n sostuvo que el Gobierno \u00abest\u00e1 llevando adelante la campa\u00f1a de vacunaci\u00f3n m\u00e1s grande de nuestra historia\u00bb y consider\u00f3 que \u00abhay una obsesi\u00f3n\u00bb sobre un laboratorio espec\u00edfico y que esa actitud \u00abs\u00f3lo busca r\u00e9dito pol\u00edtico\u00bb.<\/p>\n\n\n\n<p>El Jefe de Gabinete ponder\u00f3 el trabajo del personal de salud en medio de la pandemia y dijo que son \u00ablos h\u00e9roes y hero\u00ednas\u00bb de este tiempo.<\/p>\n\n\n\n<p>Ante los legisladores, el funcionario plante\u00f3 tambi\u00e9n \u00abla crisis de deuda que tiene la Argentina\u00bb y advirti\u00f3 que \u00abcuando se le exige al Estado que lleve adelante herramientas de pol\u00edtica p\u00fablica para sostener la actividad econ\u00f3mica e ingresos de familia y soluciones sanitarias de vivienda no hay que olvidar que estamos atravesando esta crisis de deuda\u00bb.<\/p>\n\n\n\n<p>Originalmente, el ministro coordinador ten\u00eda fecha para hablar ante los senadores el jueves pasado, pero la cita fue pospuesta una semana.<\/p>\n\n\n\n<p>La \u00faltima vez que Cafiero estuvo ante los integrantes de la c\u00e1mara alta fue el 7 de octubre del a\u00f1o pasado, y anteriormente lo hab\u00eda hecho el 18 de junio.<\/p>\n\n\n\n<p><strong>El funcionario envi\u00f3 por escrito las respuestas a 1.160 preguntas formuladas tanto desde el oficialismo como desde la oposici\u00f3n, un r\u00e9cord de consultas de parte de senadores desde la creaci\u00f3n del cargo, en 1994.<\/strong><\/p>\n\n\n\n<p>De acuerdo con art\u00edculo 101 de la Constituci\u00f3n Nacional, el jefe de Gabinete debe brindar un informe sobre las acciones del Poder Ejecutivo de manera mensual ante el Poder Legislativo, altern\u00e1ndose una vez en cada C\u00e1mara.<\/p>\n\n\n\n<p><strong>Las consultas<\/strong><\/p>\n\n\n\n<p>Seg\u00fan la Subsecretar\u00eda de Asuntos Parlamentarios de la Jefatura de Gabinete, el Ministerio de Salud es el \u00e1rea que m\u00e1s preguntas recibi\u00f3 (237), seguido por el Ministerio de Econom\u00eda (173).<\/p>\n\n\n\n<p>Luego, contin\u00faan los ministerios de Desarrollo Social (78), Desarrollo Productivo (75) y Educaci\u00f3n (71), entre otras \u00e1reas de Gobierno.<\/p>\n","protected":false},"excerpt":{"rendered":"<p>El Jefe de Gabinete respondi\u00f3 preguntas ante el pleno de la C\u00e1mara de Senadores e inst\u00f3 a no hacer pol\u00edtica con la pandemia. <\/p>\n","protected":false},"author":2,"featured_media":22806,"comment_status":"open","ping_status":"open","sticky":false,"template":"","format":"standard","meta":{"om_disable_all_campaigns":false,"_monsterinsights_skip_tracking":false,"_monsterinsights_sitenote_active":false,"_monsterinsights_sitenote_note":"","_monsterinsights_sitenote_category":0,"_uf_show_specific_survey":0,"_uf_disable_surveys":false,"jetpack_post_was_ever_published":false,"_jetpack_newsletter_access":"","_jetpack_dont_email_post_to_subs":false,"_jetpack_newsletter_tier_id":0,"_jetpack_memberships_contains_paywalled_content":false,"_jetpack_memberships_contains_paid_content":false,"footnotes":"","jetpack_publicize_message":"","jetpack_publicize_feature_enabled":true,"jetpack_social_post_already_shared":false,"jetpack_social_options":{"image_generator_settings":{"template":"highway","default_image_id":0,"font":"","enabled":false},"version":2}},"categories":[18],"tags":[],"class_list":["post-22805","post","type-post","status-publish","format-standard","has-post-thumbnail","hentry","category-politica"],"aioseo_notices":[],"views":6,"jetpack_publicize_connections":[],"jetpack_featured_media_url":"https:\/\/i0.wp.com\/elterritorialweb.com.ar\/web\/wp-content\/uploads\/2021\/06\/CAFIERO-EN-EL-SENADO.jpg?fit=1004%2C565&ssl=1","jetpack_sharing_enabled":true,"_links":{"self":[{"href":"https:\/\/elterritorialweb.com.ar\/web\/wp-json\/wp\/v2\/posts\/22805","targetHints":{"allow":["GET"]}}],"collection":[{"href":"https:\/\/elterritorialweb.com.ar\/web\/wp-json\/wp\/v2\/posts"}],"about":[{"href":"https:\/\/elterritorialweb.com.ar\/web\/wp-json\/wp\/v2\/types\/post"}],"author":[{"embeddable":true,"href":"https:\/\/elterritorialweb.com.ar\/web\/wp-json\/wp\/v2\/users\/2"}],"replies":[{"embeddable":true,"href":"https:\/\/elterritorialweb.com.ar\/web\/wp-json\/wp\/v2\/comments?post=22805"}],"version-history":[{"count":1,"href":"https:\/\/elterritorialweb.com.ar\/web\/wp-json\/wp\/v2\/posts\/22805\/revisions"}],"predecessor-version":[{"id":22807,"href":"https:\/\/elterritorialweb.com.ar\/web\/wp-json\/wp\/v2\/posts\/22805\/revisions\/22807"}],"wp:featuredmedia":[{"embeddable":true,"href":"https:\/\/elterritorialweb.com.ar\/web\/wp-json\/wp\/v2\/media\/22806"}],"wp:attachment":[{"href":"https:\/\/elterritorialweb.com.ar\/web\/wp-json\/wp\/v2\/media?parent=22805"}],"wp:term":[{"taxonomy":"category","embeddable":true,"href":"https:\/\/elterritorialweb.com.ar\/web\/wp-json\/wp\/v2\/categories?post=22805"},{"taxonomy":"post_tag","embeddable":true,"href":"https:\/\/elterritorialweb.com.ar\/web\/wp-json\/wp\/v2\/tags?post=22805"}],"curies":[{"name":"wp","href":"https:\/\/api.w.org\/{rel}","templated":true}]}}