{"id":22811,"date":"2021-06-03T21:54:02","date_gmt":"2021-06-03T21:54:02","guid":{"rendered":"http:\/\/elterritorialweb.com.ar\/web\/?p=22811"},"modified":"2021-06-03T21:54:02","modified_gmt":"2021-06-03T21:54:02","slug":"confirman-que-colombia-argentina-se-jugara-con-publico","status":"publish","type":"post","link":"https:\/\/elterritorialweb.com.ar\/web\/confirman-que-colombia-argentina-se-jugara-con-publico\/","title":{"rendered":"CONFIRMAN QUE COLOMBIA-ARGENTINA SE JUGAR\u00c1 CON P\u00daBLICO"},"content":{"rendered":"\n<p><strong>Comunicado completo<\/strong><\/p>\n\n\n\n<p><em><strong>-3 de junio de 2021 \u2013<\/strong>\u00a0La Federaci\u00f3n Colombiana de F\u00fatbol informa que tras la expedici\u00f3n por parte del Ministerio de Salud y Protecci\u00f3n Social de la Resoluci\u00f3n 777 del 2 de junio de 2021, se encuentra realizando todas las gestiones ante FIFA y CONMEBOL, m\u00e1ximos organismos a nivel mundial y sudamericano, respectivamente, para que el martes 8 de junio pueda ingresar p\u00fablico al estadio Metropolitano Roberto Melendez con ocasi\u00f3n del juego entre la Selecci\u00f3n Colombia Masculina de Mayores y su similar de Argentina.<\/em><\/p>\n\n\n\n<p><em>Adem\u00e1s se aclara que NO habr\u00e1 venta de boleter\u00eda, pues el aforo permitido \u00fanicamente ser\u00e1 destinado para aquellas personas que previamente hab\u00edan adquirido su abono desde que sali\u00f3 a la venta en febrero de 2020. Las entradas restantes, ser\u00e1n destinadas a compromisos comerciales con sus patrocinadores y compromisos deportivos con los jugadores.<\/em><\/p>\n\n\n\n<p><em>El tratamiento que cada tenedor de entradas d\u00e9 a \u00e9stas, es ajeno a la FCF, raz\u00f3n por la cual no nos hacemos responsables.<\/em><\/p>\n","protected":false},"excerpt":{"rendered":"<p>As\u00ed lo inform\u00f3 la Federaci\u00f3n Colombiana de F\u00fatbol mediante un comunicado de prensa.<\/p>\n","protected":false},"author":2,"featured_media":22812,"comment_status":"open","ping_status":"open","sticky":false,"template":"","format":"standard","meta":{"om_disable_all_campaigns":false,"_monsterinsights_skip_tracking":false,"_monsterinsights_sitenote_active":false,"_monsterinsights_sitenote_note":"","_monsterinsights_sitenote_category":0,"_uf_show_specific_survey":0,"_uf_disable_surveys":false,"jetpack_post_was_ever_published":false,"_jetpack_newsletter_access":"","_jetpack_dont_email_post_to_subs":false,"_jetpack_newsletter_tier_id":0,"_jetpack_memberships_contains_paywalled_content":false,"_jetpack_memberships_contains_paid_content":false,"footnotes":"","jetpack_publicize_message":"","jetpack_publicize_feature_enabled":true,"jetpack_social_post_already_shared":false,"jetpack_social_options":{"image_generator_settings":{"template":"highway","default_image_id":0,"font":"","enabled":false},"version":2}},"categories":[6],"tags":[],"class_list":["post-22811","post","type-post","status-publish","format-standard","has-post-thumbnail","hentry","category-deportes"],"aioseo_notices":[],"views":6,"jetpack_publicize_connections":[],"jetpack_featured_media_url":"https:\/\/i0.wp.com\/elterritorialweb.com.ar\/web\/wp-content\/uploads\/2021\/06\/Azul-nueva-1170x650-1.png?fit=1170%2C650&ssl=1","jetpack_sharing_enabled":true,"_links":{"self":[{"href":"https:\/\/elterritorialweb.com.ar\/web\/wp-json\/wp\/v2\/posts\/22811","targetHints":{"allow":["GET"]}}],"collection":[{"href":"https:\/\/elterritorialweb.com.ar\/web\/wp-json\/wp\/v2\/posts"}],"about":[{"href":"https:\/\/elterritorialweb.com.ar\/web\/wp-json\/wp\/v2\/types\/post"}],"author":[{"embeddable":true,"href":"https:\/\/elterritorialweb.com.ar\/web\/wp-json\/wp\/v2\/users\/2"}],"replies":[{"embeddable":true,"href":"https:\/\/elterritorialweb.com.ar\/web\/wp-json\/wp\/v2\/comments?post=22811"}],"version-history":[{"count":1,"href":"https:\/\/elterritorialweb.com.ar\/web\/wp-json\/wp\/v2\/posts\/22811\/revisions"}],"predecessor-version":[{"id":22813,"href":"https:\/\/elterritorialweb.com.ar\/web\/wp-json\/wp\/v2\/posts\/22811\/revisions\/22813"}],"wp:featuredmedia":[{"embeddable":true,"href":"https:\/\/elterritorialweb.com.ar\/web\/wp-json\/wp\/v2\/media\/22812"}],"wp:attachment":[{"href":"https:\/\/elterritorialweb.com.ar\/web\/wp-json\/wp\/v2\/media?parent=22811"}],"wp:term":[{"taxonomy":"category","embeddable":true,"href":"https:\/\/elterritorialweb.com.ar\/web\/wp-json\/wp\/v2\/categories?post=22811"},{"taxonomy":"post_tag","embeddable":true,"href":"https:\/\/elterritorialweb.com.ar\/web\/wp-json\/wp\/v2\/tags?post=22811"}],"curies":[{"name":"wp","href":"https:\/\/api.w.org\/{rel}","templated":true}]}}