{"id":22820,"date":"2021-06-04T01:45:19","date_gmt":"2021-06-04T01:45:19","guid":{"rendered":"http:\/\/elterritorialweb.com.ar\/web\/?p=22820"},"modified":"2021-06-04T01:45:30","modified_gmt":"2021-06-04T01:45:30","slug":"emotivo-homenaje-a-diego-armando-maradona-en-el-estadio-unico-madre-de-ciudades","status":"publish","type":"post","link":"https:\/\/elterritorialweb.com.ar\/web\/emotivo-homenaje-a-diego-armando-maradona-en-el-estadio-unico-madre-de-ciudades\/","title":{"rendered":"EMOTIVO HOMENAJE A DIEGO ARMANDO MARADONA EN EL ESTADIO \u00daNICO \u00abMADRE DE CIUDADES\u00bb"},"content":{"rendered":"\n<p>Del evento particip\u00f3 toda la Selecci\u00f3n Argentina junto con su capit\u00e1n\u00a0<strong>Lionel Messi<\/strong>, adem\u00e1s de\u00a0<strong>Claudio Tapia<\/strong>, presidente de la AFA y el gobernador de Santiago del Estero, Dr.\u00a0<strong>Gerardo Zamora<\/strong>.<\/p>\n\n\n\n<figure class=\"wp-block-image size-large\"><a href=\"https:\/\/i0.wp.com\/elterritorialweb.com.ar\/web\/wp-content\/uploads\/2021\/06\/HOMENAJE-A-MARADONA-2.jpg\"><img data-recalc-dims=\"1\" decoding=\"async\" width=\"640\" height=\"427\" data-src=\"https:\/\/i0.wp.com\/elterritorialweb.com.ar\/web\/wp-content\/uploads\/2021\/06\/HOMENAJE-A-MARADONA-2.jpg?resize=640%2C427\" alt=\"\" class=\"wp-image-22822 lazyload\" data-srcset=\"https:\/\/i0.wp.com\/elterritorialweb.com.ar\/web\/wp-content\/uploads\/2021\/06\/HOMENAJE-A-MARADONA-2.jpg?resize=1024%2C683&amp;ssl=1 1024w, https:\/\/i0.wp.com\/elterritorialweb.com.ar\/web\/wp-content\/uploads\/2021\/06\/HOMENAJE-A-MARADONA-2.jpg?resize=300%2C200&amp;ssl=1 300w, https:\/\/i0.wp.com\/elterritorialweb.com.ar\/web\/wp-content\/uploads\/2021\/06\/HOMENAJE-A-MARADONA-2.jpg?resize=768%2C512&amp;ssl=1 768w, https:\/\/i0.wp.com\/elterritorialweb.com.ar\/web\/wp-content\/uploads\/2021\/06\/HOMENAJE-A-MARADONA-2.jpg?w=1280&amp;ssl=1 1280w\" data-sizes=\"(max-width: 640px) 100vw, 640px\" src=\"data:image\/svg+xml;base64,PHN2ZyB3aWR0aD0iMSIgaGVpZ2h0PSIxIiB4bWxucz0iaHR0cDovL3d3dy53My5vcmcvMjAwMC9zdmciPjwvc3ZnPg==\" style=\"--smush-placeholder-width: 640px; --smush-placeholder-aspect-ratio: 640\/427;\" \/><\/a><\/figure>\n\n\n\n<p>La misma fue encargada al prestigioso escultor Carlos Benav\u00eddez, es enteramente de bronce, siendo la m\u00e1s alta del mundo en homenaje a Diego en este material (en Dubai hay una de 15 metros, pero de cemento) y est\u00e1 sobre un pedestal de un metro que tendr\u00e1 la inscripci\u00f3n \u00abDiego Armando Maradona 1960-2020\u00bb y el s\u00edmbolo del infinito.<\/p>\n\n\n\n<figure class=\"wp-block-image size-large\"><a href=\"https:\/\/i0.wp.com\/elterritorialweb.com.ar\/web\/wp-content\/uploads\/2021\/06\/HOMENAJE-A-MARADONA-1.jpg\"><img data-recalc-dims=\"1\" decoding=\"async\" width=\"640\" height=\"360\" data-src=\"https:\/\/i0.wp.com\/elterritorialweb.com.ar\/web\/wp-content\/uploads\/2021\/06\/HOMENAJE-A-MARADONA-1.jpg?resize=640%2C360\" alt=\"\" class=\"wp-image-22823 lazyload\" data-srcset=\"https:\/\/i0.wp.com\/elterritorialweb.com.ar\/web\/wp-content\/uploads\/2021\/06\/HOMENAJE-A-MARADONA-1.jpg?w=862&amp;ssl=1 862w, https:\/\/i0.wp.com\/elterritorialweb.com.ar\/web\/wp-content\/uploads\/2021\/06\/HOMENAJE-A-MARADONA-1.jpg?resize=300%2C169&amp;ssl=1 300w, https:\/\/i0.wp.com\/elterritorialweb.com.ar\/web\/wp-content\/uploads\/2021\/06\/HOMENAJE-A-MARADONA-1.jpg?resize=768%2C432&amp;ssl=1 768w\" data-sizes=\"(max-width: 640px) 100vw, 640px\" src=\"data:image\/svg+xml;base64,PHN2ZyB3aWR0aD0iMSIgaGVpZ2h0PSIxIiB4bWxucz0iaHR0cDovL3d3dy53My5vcmcvMjAwMC9zdmciPjwvc3ZnPg==\" style=\"--smush-placeholder-width: 640px; --smush-placeholder-aspect-ratio: 640\/360;\" \/><\/a><\/figure>\n","protected":false},"excerpt":{"rendered":"<p>La previa del choque por Eliminatorias entre Argentina y Chile tuvo un condimento muy especial. Es que antes del esperado choque se descubri\u00f3 una imponente estatua de Diego Armando Maradona.<\/p>\n","protected":false},"author":2,"featured_media":22821,"comment_status":"open","ping_status":"open","sticky":false,"template":"","format":"standard","meta":{"om_disable_all_campaigns":false,"_monsterinsights_skip_tracking":false,"_monsterinsights_sitenote_active":false,"_monsterinsights_sitenote_note":"","_monsterinsights_sitenote_category":0,"_uf_show_specific_survey":0,"_uf_disable_surveys":false,"jetpack_post_was_ever_published":false,"_jetpack_newsletter_access":"","_jetpack_dont_email_post_to_subs":false,"_jetpack_newsletter_tier_id":0,"_jetpack_memberships_contains_paywalled_content":false,"_jetpack_memberships_contains_paid_content":false,"footnotes":"","jetpack_publicize_message":"","jetpack_publicize_feature_enabled":true,"jetpack_social_post_already_shared":false,"jetpack_social_options":{"image_generator_settings":{"template":"highway","default_image_id":0,"font":"","enabled":false},"version":2}},"categories":[6],"tags":[],"class_list":["post-22820","post","type-post","status-publish","format-standard","has-post-thumbnail","hentry","category-deportes"],"aioseo_notices":[],"views":8,"jetpack_publicize_connections":[],"jetpack_featured_media_url":"https:\/\/i0.wp.com\/elterritorialweb.com.ar\/web\/wp-content\/uploads\/2021\/06\/HOMENAJE-A-MARADONA.jpg?fit=862%2C485&ssl=1","jetpack_sharing_enabled":true,"_links":{"self":[{"href":"https:\/\/elterritorialweb.com.ar\/web\/wp-json\/wp\/v2\/posts\/22820","targetHints":{"allow":["GET"]}}],"collection":[{"href":"https:\/\/elterritorialweb.com.ar\/web\/wp-json\/wp\/v2\/posts"}],"about":[{"href":"https:\/\/elterritorialweb.com.ar\/web\/wp-json\/wp\/v2\/types\/post"}],"author":[{"embeddable":true,"href":"https:\/\/elterritorialweb.com.ar\/web\/wp-json\/wp\/v2\/users\/2"}],"replies":[{"embeddable":true,"href":"https:\/\/elterritorialweb.com.ar\/web\/wp-json\/wp\/v2\/comments?post=22820"}],"version-history":[{"count":1,"href":"https:\/\/elterritorialweb.com.ar\/web\/wp-json\/wp\/v2\/posts\/22820\/revisions"}],"predecessor-version":[{"id":22824,"href":"https:\/\/elterritorialweb.com.ar\/web\/wp-json\/wp\/v2\/posts\/22820\/revisions\/22824"}],"wp:featuredmedia":[{"embeddable":true,"href":"https:\/\/elterritorialweb.com.ar\/web\/wp-json\/wp\/v2\/media\/22821"}],"wp:attachment":[{"href":"https:\/\/elterritorialweb.com.ar\/web\/wp-json\/wp\/v2\/media?parent=22820"}],"wp:term":[{"taxonomy":"category","embeddable":true,"href":"https:\/\/elterritorialweb.com.ar\/web\/wp-json\/wp\/v2\/categories?post=22820"},{"taxonomy":"post_tag","embeddable":true,"href":"https:\/\/elterritorialweb.com.ar\/web\/wp-json\/wp\/v2\/tags?post=22820"}],"curies":[{"name":"wp","href":"https:\/\/api.w.org\/{rel}","templated":true}]}}