{"id":22828,"date":"2021-06-04T02:17:22","date_gmt":"2021-06-04T02:17:22","guid":{"rendered":"http:\/\/elterritorialweb.com.ar\/web\/?p=22828"},"modified":"2021-06-04T02:18:21","modified_gmt":"2021-06-04T02:18:21","slug":"la-casa-de-gobierno-iluminda-en-adhesion-a-nuevo-aniversario-del-colectivo-ni-una-menos","status":"publish","type":"post","link":"https:\/\/elterritorialweb.com.ar\/web\/la-casa-de-gobierno-iluminda-en-adhesion-a-nuevo-aniversario-del-colectivo-ni-una-menos\/","title":{"rendered":"LA CASA DE GOBIERNO ILUMINDA EN ADHESI\u00d3N AL ANIVERSARIO DEL COLECTIVO \u00abNI UNA MENOS\u00bb"},"content":{"rendered":"\n<p>El edificio de la Casa de Gobierno se ilumin\u00f3 de violeta en adhesi\u00f3n a un nuevo aniversario del colectivo \u00abNi una menos\u00bb que inici\u00f3 su lucha en el a\u00f1o 2015 con una marcha encabezada por mujeres y las diversidades, en repudio a los m\u00faltiples femicidios que se ven\u00edan sucediendo.<\/p>\n\n\n\n<p>Cabe destacar que el color violeta representa la lucha feminista a nivel internacional que busca sensibilizar a la poblaci\u00f3n para eliminar todo tipo de violencias.<\/p>\n","protected":false},"excerpt":{"rendered":"<p>El edificio de la Casa de Gobierno se ilumin\u00f3 de violeta en adhesi\u00f3n a un&#8230;<\/p>\n","protected":false},"author":2,"featured_media":22829,"comment_status":"open","ping_status":"open","sticky":false,"template":"","format":"standard","meta":{"om_disable_all_campaigns":false,"_monsterinsights_skip_tracking":false,"_monsterinsights_sitenote_active":false,"_monsterinsights_sitenote_note":"","_monsterinsights_sitenote_category":0,"_uf_show_specific_survey":0,"_uf_disable_surveys":false,"jetpack_post_was_ever_published":false,"_jetpack_newsletter_access":"","_jetpack_dont_email_post_to_subs":false,"_jetpack_newsletter_tier_id":0,"_jetpack_memberships_contains_paywalled_content":false,"_jetpack_memberships_contains_paid_content":false,"footnotes":"","jetpack_publicize_message":"","jetpack_publicize_feature_enabled":true,"jetpack_social_post_already_shared":false,"jetpack_social_options":{"image_generator_settings":{"template":"highway","default_image_id":0,"font":"","enabled":false},"version":2}},"categories":[21],"tags":[],"class_list":["post-22828","post","type-post","status-publish","format-standard","has-post-thumbnail","hentry","category-locales"],"aioseo_notices":[],"views":8,"jetpack_publicize_connections":[],"jetpack_featured_media_url":"https:\/\/i0.wp.com\/elterritorialweb.com.ar\/web\/wp-content\/uploads\/2021\/06\/casa-de-gobierno-iluminada.jpg?fit=1280%2C720&ssl=1","jetpack_sharing_enabled":true,"_links":{"self":[{"href":"https:\/\/elterritorialweb.com.ar\/web\/wp-json\/wp\/v2\/posts\/22828","targetHints":{"allow":["GET"]}}],"collection":[{"href":"https:\/\/elterritorialweb.com.ar\/web\/wp-json\/wp\/v2\/posts"}],"about":[{"href":"https:\/\/elterritorialweb.com.ar\/web\/wp-json\/wp\/v2\/types\/post"}],"author":[{"embeddable":true,"href":"https:\/\/elterritorialweb.com.ar\/web\/wp-json\/wp\/v2\/users\/2"}],"replies":[{"embeddable":true,"href":"https:\/\/elterritorialweb.com.ar\/web\/wp-json\/wp\/v2\/comments?post=22828"}],"version-history":[{"count":3,"href":"https:\/\/elterritorialweb.com.ar\/web\/wp-json\/wp\/v2\/posts\/22828\/revisions"}],"predecessor-version":[{"id":22832,"href":"https:\/\/elterritorialweb.com.ar\/web\/wp-json\/wp\/v2\/posts\/22828\/revisions\/22832"}],"wp:featuredmedia":[{"embeddable":true,"href":"https:\/\/elterritorialweb.com.ar\/web\/wp-json\/wp\/v2\/media\/22829"}],"wp:attachment":[{"href":"https:\/\/elterritorialweb.com.ar\/web\/wp-json\/wp\/v2\/media?parent=22828"}],"wp:term":[{"taxonomy":"category","embeddable":true,"href":"https:\/\/elterritorialweb.com.ar\/web\/wp-json\/wp\/v2\/categories?post=22828"},{"taxonomy":"post_tag","embeddable":true,"href":"https:\/\/elterritorialweb.com.ar\/web\/wp-json\/wp\/v2\/tags?post=22828"}],"curies":[{"name":"wp","href":"https:\/\/api.w.org\/{rel}","templated":true}]}}