{"id":22838,"date":"2021-06-04T03:16:40","date_gmt":"2021-06-04T03:16:40","guid":{"rendered":"http:\/\/elterritorialweb.com.ar\/web\/?p=22838"},"modified":"2021-06-04T03:24:38","modified_gmt":"2021-06-04T03:24:38","slug":"messi-no-es-facil-volver-con-poco-trabajo-pero-creo-que-estuvimos-bien","status":"publish","type":"post","link":"https:\/\/elterritorialweb.com.ar\/web\/messi-no-es-facil-volver-con-poco-trabajo-pero-creo-que-estuvimos-bien\/","title":{"rendered":"MESSI: \u00abNO ES FACIL VOLVER CON POCO TRABAJO PERO CREO QUE ESTUVIMOS BIEN\u00bb"},"content":{"rendered":"\n<p>\u201cMe sent\u00ed bien, si bien hace tiempo no nos junt\u00e1bamos desde el \u00faltimo encuentro de la Selecci\u00f3n, no es f\u00e1cil volver con poco trabajo pero creo que estuvimos bien\u201d, analiz\u00f3 Lionel Messi, tras el encuentro en zona mixta.<\/p>\n\n\n\n<p>El delantero que juega en el Barcelona anot\u00f3 la apertura del marcador desde el punto de penal ante los trasandinos y reconoci\u00f3 que el equipo rival no gener\u00f3 llegadas de peligro.<\/p>\n\n\n\n<p>\u201cEstuvimos seguros en presi\u00f3n y la recuperaci\u00f3n. Hubo mala suerte en el gol de pelota parada que sino fuera de esa manera no nos generaban. Ante Chile siempre con partidos dif\u00edciles pero estamos contentos con el resultado\u201d, agreg\u00f3.<\/p>\n\n\n\n<p>Messi valor\u00f3 el crecimiento y recambio que realiza la \u201calbiceleste\u201d y que hay que \u201cseguir creciendo y con los chicos nuevos que debutaron, hay que seguir haci\u00e9ndose fuertes con din\u00e1mica de equipo. Fue bueno y lo hicimos bien\u201d.<br>Messi y el primer juego sin Maradona<\/p>\n\n\n\n<p>El capit\u00e1n argentino se refiri\u00f3 a la serie de homenajes que le realiz\u00f3 el seleccionado nacional antes del duelo ante Chile, tras la muerte del crack argentino el pasado 25 de noviembre de 2020.<\/p>\n\n\n\n<figure class=\"wp-block-embed is-type-rich is-provider-twitter wp-block-embed-twitter\"><div class=\"wp-block-embed__wrapper\">\n<blockquote class=\"twitter-tweet\" data-width=\"550\" data-dnt=\"true\"><p lang=\"es\" dir=\"ltr\">Leo Messi, tras el empate de la <a href=\"https:\/\/twitter.com\/hashtag\/Selecci%C3%B3nArgentina?src=hash&amp;ref_src=twsrc%5Etfw\">#Selecci\u00f3nArgentina<\/a>: &quot;Fue un partido dif\u00edcil, como siempre contra Chile&quot;<a href=\"https:\/\/twitter.com\/hashtag\/EliminatoriasEnTyCSports?src=hash&amp;ref_src=twsrc%5Etfw\">#EliminatoriasEnTyCSports<\/a> <a href=\"https:\/\/t.co\/HhcVso3XNq\">pic.twitter.com\/HhcVso3XNq<\/a><\/p>&mdash; TyC Sports (@TyCSports) <a href=\"https:\/\/twitter.com\/TyCSports\/status\/1400634094640320517?ref_src=twsrc%5Etfw\">June 4, 2021<\/a><\/blockquote><script async src=\"https:\/\/platform.twitter.com\/widgets.js\" charset=\"utf-8\"><\/script>\n<\/div><\/figure>\n","protected":false},"excerpt":{"rendered":"<p>El capit\u00e1n del seleccionado argentino se refiri\u00f3 al empate ante Chile por 1 a 1, en Santiago del Estero, y adem\u00e1s se refiri\u00f3 al funcionamiento del conjunto dirigido por Lionel Scaloni. \u201cLa din\u00e1mica del equipo fue buena y lo hicimos bien\u201d, admiti\u00f3.<\/p>\n","protected":false},"author":2,"featured_media":22841,"comment_status":"open","ping_status":"open","sticky":false,"template":"","format":"standard","meta":{"om_disable_all_campaigns":false,"_monsterinsights_skip_tracking":false,"_monsterinsights_sitenote_active":false,"_monsterinsights_sitenote_note":"","_monsterinsights_sitenote_category":0,"_uf_show_specific_survey":0,"_uf_disable_surveys":false,"jetpack_post_was_ever_published":false,"_jetpack_newsletter_access":"","_jetpack_dont_email_post_to_subs":false,"_jetpack_newsletter_tier_id":0,"_jetpack_memberships_contains_paywalled_content":false,"_jetpack_memberships_contains_paid_content":false,"footnotes":"","jetpack_publicize_message":"","jetpack_publicize_feature_enabled":true,"jetpack_social_post_already_shared":false,"jetpack_social_options":{"image_generator_settings":{"template":"highway","default_image_id":0,"font":"","enabled":false},"version":2}},"categories":[6],"tags":[],"class_list":["post-22838","post","type-post","status-publish","format-standard","has-post-thumbnail","hentry","category-deportes"],"aioseo_notices":[],"views":7,"jetpack_publicize_connections":[],"jetpack_featured_media_url":"https:\/\/i0.wp.com\/elterritorialweb.com.ar\/web\/wp-content\/uploads\/2021\/06\/MESSI-1-e1622776994274.jpg?fit=680%2C341&ssl=1","jetpack_sharing_enabled":true,"_links":{"self":[{"href":"https:\/\/elterritorialweb.com.ar\/web\/wp-json\/wp\/v2\/posts\/22838","targetHints":{"allow":["GET"]}}],"collection":[{"href":"https:\/\/elterritorialweb.com.ar\/web\/wp-json\/wp\/v2\/posts"}],"about":[{"href":"https:\/\/elterritorialweb.com.ar\/web\/wp-json\/wp\/v2\/types\/post"}],"author":[{"embeddable":true,"href":"https:\/\/elterritorialweb.com.ar\/web\/wp-json\/wp\/v2\/users\/2"}],"replies":[{"embeddable":true,"href":"https:\/\/elterritorialweb.com.ar\/web\/wp-json\/wp\/v2\/comments?post=22838"}],"version-history":[{"count":2,"href":"https:\/\/elterritorialweb.com.ar\/web\/wp-json\/wp\/v2\/posts\/22838\/revisions"}],"predecessor-version":[{"id":22842,"href":"https:\/\/elterritorialweb.com.ar\/web\/wp-json\/wp\/v2\/posts\/22838\/revisions\/22842"}],"wp:featuredmedia":[{"embeddable":true,"href":"https:\/\/elterritorialweb.com.ar\/web\/wp-json\/wp\/v2\/media\/22841"}],"wp:attachment":[{"href":"https:\/\/elterritorialweb.com.ar\/web\/wp-json\/wp\/v2\/media?parent=22838"}],"wp:term":[{"taxonomy":"category","embeddable":true,"href":"https:\/\/elterritorialweb.com.ar\/web\/wp-json\/wp\/v2\/categories?post=22838"},{"taxonomy":"post_tag","embeddable":true,"href":"https:\/\/elterritorialweb.com.ar\/web\/wp-json\/wp\/v2\/tags?post=22838"}],"curies":[{"name":"wp","href":"https:\/\/api.w.org\/{rel}","templated":true}]}}