{"id":22843,"date":"2021-06-04T04:39:59","date_gmt":"2021-06-04T04:39:59","guid":{"rendered":"http:\/\/elterritorialweb.com.ar\/web\/?p=22843"},"modified":"2021-06-04T04:47:45","modified_gmt":"2021-06-04T04:47:45","slug":"coronavirus-en-santiago-se-confirmaron-753-casos-positivos-en-la-provincia","status":"publish","type":"post","link":"https:\/\/elterritorialweb.com.ar\/web\/coronavirus-en-santiago-se-confirmaron-753-casos-positivos-en-la-provincia\/","title":{"rendered":"CORONAVIRUS EN SANTIAGO: SE CONFIRMARON 753 CASOS POSITIVOS EN LA PROVINCIA"},"content":{"rendered":"\n<p><br>Se recuperaron doscientos cinco (205) casos el d\u00eda de hoy, por lo que son treinta y dos mil cuatro (32.004) los casos recuperados en la provincia<br><\/p>\n\n\n\n<p><strong>Se notificaron el d\u00eda de hoy nueve (9) personas fallecidas con diagn\u00f3stico de COVID-19. Un hombre de 49 a\u00f1os con antecedentes de obesidad que estaba internado en el Hospital Regional. Un hombre de 55 a\u00f1os que estaba internado en el Hospital Zonal Fern\u00e1ndez. Una mujer de 56 a\u00f1os que estaba internada en el Hospital del Dpto. Loreto. Un hombre de 59 a\u00f1os que estaba internado en el CIS Termas. Un hombre de 90 a\u00f1os y una mujer de 65 a\u00f1os, ambos internados en un sanatorio privado de la ciudad Capital. Un hombre de 56 a\u00f1os y un hombre de 50 a\u00f1os con antecedentes de obesidad del Dpto. Pellegrini, ambos internados en el Hospital Independencia. Un hombre de 55 a\u00f1os que estaba internado en el CIS Banda.<\/strong><br><\/p>\n\n\n\n<p>Hay un total de quinientos veintis\u00e9is (526) personas positivas fallecidas en la provincia<br><\/p>\n\n\n\n<p>Se procesaron un total de dos mil cincuenta y dos (2.052) muestras el d\u00eda de hoy.<br><\/p>\n\n\n\n<p><strong>Se confirmaron setecientos cincuenta y tres (753) casos, Capital-Banda (428) e interior de la provincia (325) distribuidos de la siguiente manera Acos 1; Arraga 1; Beltran 16; Brea Pozo 1; Cachico 1; Campo Alegre 1; Campo Gallo 19; Cara Pujio 1; Chaupi Pozo 1; Clodomira 9; Colonia Dora 7; Colonia El Simbolar 8; Colonia Tinco 1; El Aibe 3; El Arenal 2; El Bobadal 4; El Cabure 1; El Charco 2; El Mojon 2; El Polear 1; Estacion Simbolar 1; Estacion Taboada 4; Fernandez 16; Forres 14; Frias 2; Garza 1; Guampacha 2; Guardia Escolta 1; Herrera 6; Ica\u00f1o 4; La Ca\u00f1ada 1; La Darsena 1; La Fragua 1; La Invernada 1; Lavalle 1; La Reserva 1; Las Tinajas 1; Loreto 11; Los Juries 3; Los Pirpintos 10; Los Quiroga 8; Los Telares 4; Malbran 1; Monte Quemado 22; Negra Muerta 1; Pampa de Los Guanacos 9; Paraje San Luis 1; Pinto 6; Pozo Hondo 3; Pozuelos 1; Quimili 2; Real Sayana 1; San Jose 1; San Jose del Boqueron 4; San Pedro de Guasayan 5; Santa Catalina 2; Santo Domingo 1; Se\u00f1ora Pujio 13; Selva 1; Sotelo 1; Sumampa 4; Suri Pozo 1; Termas 47; Tramo 18 3; Vilelas 1; Villa Figueroa 1; Villa Guasayan 4; Villa Hipolita 1; Villa Matoque 1; Villa Ojo de Agua 9; Vilmer 1; Vinara 1<\/strong><br><\/p>\n\n\n\n<p>Permanecen activos quince mil doscientos noventa y cinco (15.295) casos en la provincia.<br><\/p>\n\n\n\n<p>El total de casos positivos acumulados es de cuarenta y siete mil seis (47.006)<br><\/p>\n\n\n\n<p>Se descartaron mil doscientos noventa y nueve (1.299) casos el d\u00eda de hoy, por lo que hay ciento cuarenta y siete mil doscientos veintitr\u00e9s (147223) casos descartados a la fecha.<br><\/p>\n\n\n\n<p><strong>Importante:<\/strong> La diferencia de casos acumulados, y difundidos en el reporte nacional, obedece a diferentes horarios de carga y a santiague\u00f1os que residen en otras provincias pero que no tienen realizado el cambio de domicilio legal en su DNI. Se ha solicitado el correspondiente pedido de reclasificaci\u00f3n de los casos excedentes cargados para nuestra provincia.<br><\/p>\n\n\n\n<p><strong>RECOMENDACIONES<\/strong><\/p>\n\n\n\n<p><\/p>\n\n\n\n<p><span style=\"font-size: inherit;\">Se recuerda que TODAS las personas que son contacto estrecho de casos positivos que DEBEN realizar un AISLAMIENTO SANITARIO OBLIGATORIO de 14 d\u00edas, aunque no presenten s\u00edntomas e independientemente si fueron hisopados y su resultado fue no detectable (negativo).<\/span><\/p>\n\n\n\n<p><div>Durante el aislamiento sanitario las personas no pueden salir de su hogar ni recibir visitas y deben cumplir con las medidas de prevenci\u00f3n indicadas por las autoridades sanitarias.<br><\/div><\/p>\n\n\n\n<p>Ante la presencia de fiebre mayor o igual a 37,5\u00b0 y s\u00edntomas respiratorios como tos, dolor de garganta, dificultad para respirar, adem\u00e1s de falta de gusto y olfato de reciente aparici\u00f3n, y tambi\u00e9n cefalea, diarrea y\/o v\u00f3mitos o al haber estado en contacto con un caso confirmado, se insta a la poblaci\u00f3n a que haga un contacto de inmediato con el sistema de salud contact\u00e1ndose con su centro de salud m\u00e1s cercano o comunic\u00e1ndose al 107 y evite el contacto social<br><\/p>\n\n\n\n<p><div>Tambi\u00e9n se recuerda que se realiza el hisopado a los contactos estrechos de casos positivos que presenten s\u00edntomas o que tengan factores de riesgo (mayores de 60 a\u00f1os, embarazadas, inmunocomprometidos, enfermos oncol\u00f3gicos o dializados)<br><\/div><\/p>\n\n\n\n<p>Recordemos continuar respetando las medidas de distancia f\u00edsica y lavarnos frecuentemente las manos con agua y jab\u00f3n. Si necesitamos salir usemos el barbijo correctamente sin tocarlo ni tocarnos la cara.<br><\/p>\n\n\n\n<p><div>Respetar todos los protocolos vigentes y las actividades permitidas, y no realizar reuniones sociales o familiares evitando contacto estrecho con personas que no sean convivientes.<\/div><\/p>\n","protected":false},"excerpt":{"rendered":"<p>Informe del Ministerio de Salud de la provincia de Santiago del Estero.<\/p>\n","protected":false},"author":2,"featured_media":22844,"comment_status":"open","ping_status":"open","sticky":false,"template":"","format":"standard","meta":{"om_disable_all_campaigns":false,"_monsterinsights_skip_tracking":false,"_monsterinsights_sitenote_active":false,"_monsterinsights_sitenote_note":"","_monsterinsights_sitenote_category":0,"_uf_show_specific_survey":0,"_uf_disable_surveys":false,"jetpack_post_was_ever_published":false,"_jetpack_newsletter_access":"","_jetpack_dont_email_post_to_subs":false,"_jetpack_newsletter_tier_id":0,"_jetpack_memberships_contains_paywalled_content":false,"_jetpack_memberships_contains_paid_content":false,"footnotes":"","jetpack_publicize_message":"","jetpack_publicize_feature_enabled":true,"jetpack_social_post_already_shared":false,"jetpack_social_options":{"image_generator_settings":{"template":"highway","default_image_id":0,"font":"","enabled":false},"version":2}},"categories":[3],"tags":[],"class_list":["post-22843","post","type-post","status-publish","format-standard","has-post-thumbnail","hentry","category-salud"],"aioseo_notices":[],"views":4,"jetpack_publicize_connections":[],"jetpack_featured_media_url":"https:\/\/i0.wp.com\/elterritorialweb.com.ar\/web\/wp-content\/uploads\/2021\/06\/FB_IMG_1622781558532.jpg?fit=810%2C810&ssl=1","jetpack_sharing_enabled":true,"_links":{"self":[{"href":"https:\/\/elterritorialweb.com.ar\/web\/wp-json\/wp\/v2\/posts\/22843","targetHints":{"allow":["GET"]}}],"collection":[{"href":"https:\/\/elterritorialweb.com.ar\/web\/wp-json\/wp\/v2\/posts"}],"about":[{"href":"https:\/\/elterritorialweb.com.ar\/web\/wp-json\/wp\/v2\/types\/post"}],"author":[{"embeddable":true,"href":"https:\/\/elterritorialweb.com.ar\/web\/wp-json\/wp\/v2\/users\/2"}],"replies":[{"embeddable":true,"href":"https:\/\/elterritorialweb.com.ar\/web\/wp-json\/wp\/v2\/comments?post=22843"}],"version-history":[{"count":2,"href":"https:\/\/elterritorialweb.com.ar\/web\/wp-json\/wp\/v2\/posts\/22843\/revisions"}],"predecessor-version":[{"id":22847,"href":"https:\/\/elterritorialweb.com.ar\/web\/wp-json\/wp\/v2\/posts\/22843\/revisions\/22847"}],"wp:featuredmedia":[{"embeddable":true,"href":"https:\/\/elterritorialweb.com.ar\/web\/wp-json\/wp\/v2\/media\/22844"}],"wp:attachment":[{"href":"https:\/\/elterritorialweb.com.ar\/web\/wp-json\/wp\/v2\/media?parent=22843"}],"wp:term":[{"taxonomy":"category","embeddable":true,"href":"https:\/\/elterritorialweb.com.ar\/web\/wp-json\/wp\/v2\/categories?post=22843"},{"taxonomy":"post_tag","embeddable":true,"href":"https:\/\/elterritorialweb.com.ar\/web\/wp-json\/wp\/v2\/tags?post=22843"}],"curies":[{"name":"wp","href":"https:\/\/api.w.org\/{rel}","templated":true}]}}