{"id":22856,"date":"2021-06-04T05:11:41","date_gmt":"2021-06-04T05:11:41","guid":{"rendered":"http:\/\/elterritorialweb.com.ar\/web\/?p=22856"},"modified":"2021-06-04T05:11:42","modified_gmt":"2021-06-04T05:11:42","slug":"avanza-la-vacunacion-antigripal-a-empelados-municipales","status":"publish","type":"post","link":"https:\/\/elterritorialweb.com.ar\/web\/avanza-la-vacunacion-antigripal-a-empelados-municipales\/","title":{"rendered":"AVANZA LA VACUNACI\u00d3N ANTIGRIPAL A EMPELADOS MUNICIPALES"},"content":{"rendered":"\n<p><br>Al respecto, el director de Salud del municipio, Dr. Antonio Palomo, destac\u00f3 la importancia de inoculaci\u00f3n en virtud de que se busca evitar complicaciones que puedan ocurrir con esta enfermedad al asociarse con otras patolog\u00edas de riesgo, y a la vez se trata de empleados que interact\u00faan con la comunidad por lo que se exponen a los contagios. \u201cEsta medida de cuidado del personal adem\u00e1s evitar\u00e1 el ausentismo\u201d, indic\u00f3.<br>\u201cEl beneficio es proteger contra la gripe, que es una enfermedad respiratoria que puede complicar o potenciar en esta pandemia por el Covid-19\u201d, remarc\u00f3.<br>Palomo remarc\u00f3 adem\u00e1s que la Municipalidad contin\u00faa manteniendo las medidas de prevenci\u00f3n sobre todo porque la \u201cconciencia del auto cuidado de la salud es para protegerse, y cuidar a la familia y a la comunidad\u201d.<\/p>\n","protected":false},"excerpt":{"rendered":"<p>La Capital avanz\u00f3 con la campa\u00f1a de vacunaci\u00f3n antigripal 2021 destinada a empleados de los Centros Operativos, ya que es uno de los sectores que prestan servicios esenciales para los vecinos, como son la recolecci\u00f3n de residuos domiciliarios y la limpieza de la v\u00eda p\u00fablica.<\/p>\n","protected":false},"author":2,"featured_media":22857,"comment_status":"open","ping_status":"open","sticky":false,"template":"","format":"standard","meta":{"om_disable_all_campaigns":false,"_monsterinsights_skip_tracking":false,"_monsterinsights_sitenote_active":false,"_monsterinsights_sitenote_note":"","_monsterinsights_sitenote_category":0,"_uf_show_specific_survey":0,"_uf_disable_surveys":false,"jetpack_post_was_ever_published":false,"_jetpack_newsletter_access":"","_jetpack_dont_email_post_to_subs":false,"_jetpack_newsletter_tier_id":0,"_jetpack_memberships_contains_paywalled_content":false,"_jetpack_memberships_contains_paid_content":false,"footnotes":"","jetpack_publicize_message":"","jetpack_publicize_feature_enabled":true,"jetpack_social_post_already_shared":false,"jetpack_social_options":{"image_generator_settings":{"template":"highway","default_image_id":0,"font":"","enabled":false},"version":2}},"categories":[3],"tags":[],"class_list":["post-22856","post","type-post","status-publish","format-standard","has-post-thumbnail","hentry","category-salud"],"aioseo_notices":[],"views":7,"jetpack_publicize_connections":[],"jetpack_featured_media_url":"https:\/\/i0.wp.com\/elterritorialweb.com.ar\/web\/wp-content\/uploads\/2021\/06\/FB_IMG_1622783462249.jpg?fit=843%2C474&ssl=1","jetpack_sharing_enabled":true,"_links":{"self":[{"href":"https:\/\/elterritorialweb.com.ar\/web\/wp-json\/wp\/v2\/posts\/22856","targetHints":{"allow":["GET"]}}],"collection":[{"href":"https:\/\/elterritorialweb.com.ar\/web\/wp-json\/wp\/v2\/posts"}],"about":[{"href":"https:\/\/elterritorialweb.com.ar\/web\/wp-json\/wp\/v2\/types\/post"}],"author":[{"embeddable":true,"href":"https:\/\/elterritorialweb.com.ar\/web\/wp-json\/wp\/v2\/users\/2"}],"replies":[{"embeddable":true,"href":"https:\/\/elterritorialweb.com.ar\/web\/wp-json\/wp\/v2\/comments?post=22856"}],"version-history":[{"count":1,"href":"https:\/\/elterritorialweb.com.ar\/web\/wp-json\/wp\/v2\/posts\/22856\/revisions"}],"predecessor-version":[{"id":22858,"href":"https:\/\/elterritorialweb.com.ar\/web\/wp-json\/wp\/v2\/posts\/22856\/revisions\/22858"}],"wp:featuredmedia":[{"embeddable":true,"href":"https:\/\/elterritorialweb.com.ar\/web\/wp-json\/wp\/v2\/media\/22857"}],"wp:attachment":[{"href":"https:\/\/elterritorialweb.com.ar\/web\/wp-json\/wp\/v2\/media?parent=22856"}],"wp:term":[{"taxonomy":"category","embeddable":true,"href":"https:\/\/elterritorialweb.com.ar\/web\/wp-json\/wp\/v2\/categories?post=22856"},{"taxonomy":"post_tag","embeddable":true,"href":"https:\/\/elterritorialweb.com.ar\/web\/wp-json\/wp\/v2\/tags?post=22856"}],"curies":[{"name":"wp","href":"https:\/\/api.w.org\/{rel}","templated":true}]}}