{"id":22869,"date":"2021-06-04T22:48:41","date_gmt":"2021-06-04T22:48:41","guid":{"rendered":"http:\/\/elterritorialweb.com.ar\/web\/?p=22869"},"modified":"2021-06-04T22:48:42","modified_gmt":"2021-06-04T22:48:42","slug":"firman-convenio-para-el-cuidado-del-medio-ambiente","status":"publish","type":"post","link":"https:\/\/elterritorialweb.com.ar\/web\/firman-convenio-para-el-cuidado-del-medio-ambiente\/","title":{"rendered":"FIRMAN CONVENIO PARA EL CUIDADO DEL MEDIO AMBIENTE"},"content":{"rendered":"\n<p>La r\u00fabrica se realiz\u00f3 en el Sal\u00f3n de Acuerdos del municipio con el director de la Zona 33, Jos\u00e9 Serrano. Del acto tambi\u00e9n participaron, la secretaria de Coordinaci\u00f3n de Gabinete, Dra. Alejandra Yoshitake, y el subsecretario del \u00e1rea, Dr. Daniel Kobylanski, y el Jefe del Grupo 560 San Cayetano, Alejandro Lobo.<\/p>\n\n\n\n<p>La Ing. Fuentes record\u00f3 que el municipio viene trabajando sobre la tem\u00e1tica ambiental como uno de los ejes centrales de la administraci\u00f3n y adem\u00e1s interactuando con entidades de la sociedad civil de la ciudad, o con otros organismos p\u00fablicos provinciales y nacionales.<\/p>\n\n\n\n<p>La jefa comunal resalt\u00f3 la reciente aprobaci\u00f3n de la ley ambiental ya que representa un instrumento fundamental. \u201cEsta es la manera de decir que so\u00f1amos con un mundo mejor, siempre dejarlo en las mejores condiciones de lo que lo recibimos, es lo que lo que nos une; impartir la educaci\u00f3n en los ni\u00f1os y j\u00f3venes en una mirada conjunta con esta prestigiosa instituci\u00f3n en la ciudad\u201d, sostuvo acerca de la firma del convenio.<\/p>\n\n\n\n<p>Destac\u00f3 adem\u00e1s la vocaci\u00f3n de servicio de los scouts por lo que ser\u00e1 un importante aporte para trabajar sobre el cuidado del medio ambiente. A su turno, Serrano agreg\u00f3 que \u201cel movimiento scouts se unir\u00e1 a los proyectos que ya viene realizando el municipio, con el objetivo de dejar un mundo mucho mejor desde nuestra peque\u00f1a acci\u00f3n\u201d.<\/p>\n\n\n\n<p>El titular de la asociaci\u00f3n agradeci\u00f3 a la Municipalidad por \u201cbrindar esta oportunidad de mostrar nuestra instituci\u00f3n\u201d y el trabajo que despliega en la formaci\u00f3n de las personas con \u201cgran compromiso\u201d.<\/p>\n","protected":false},"excerpt":{"rendered":"<p>La intendente de la Capital, Ing. Norma Fuentes, concret\u00f3 la firma de un convenio marco con la Asociaci\u00f3n Civil Scout Argentina, delegaci\u00f3n Santiago del Estero, para la cooperaci\u00f3n mutua en temas que resulten de inter\u00e9s para la protecci\u00f3n y conservaci\u00f3n del ambiente.<\/p>\n","protected":false},"author":2,"featured_media":22870,"comment_status":"open","ping_status":"open","sticky":false,"template":"","format":"standard","meta":{"om_disable_all_campaigns":false,"_monsterinsights_skip_tracking":false,"_monsterinsights_sitenote_active":false,"_monsterinsights_sitenote_note":"","_monsterinsights_sitenote_category":0,"_uf_show_specific_survey":0,"_uf_disable_surveys":false,"jetpack_post_was_ever_published":false,"_jetpack_newsletter_access":"","_jetpack_dont_email_post_to_subs":false,"_jetpack_newsletter_tier_id":0,"_jetpack_memberships_contains_paywalled_content":false,"_jetpack_memberships_contains_paid_content":false,"footnotes":"","jetpack_publicize_message":"","jetpack_publicize_feature_enabled":true,"jetpack_social_post_already_shared":false,"jetpack_social_options":{"image_generator_settings":{"template":"highway","default_image_id":0,"font":"","enabled":false},"version":2}},"categories":[21],"tags":[],"class_list":["post-22869","post","type-post","status-publish","format-standard","has-post-thumbnail","hentry","category-locales"],"aioseo_notices":[],"views":6,"jetpack_publicize_connections":[],"jetpack_featured_media_url":"https:\/\/i0.wp.com\/elterritorialweb.com.ar\/web\/wp-content\/uploads\/2021\/06\/MUNI-Y-SCOUT.jpg?fit=1080%2C809&ssl=1","jetpack_sharing_enabled":true,"_links":{"self":[{"href":"https:\/\/elterritorialweb.com.ar\/web\/wp-json\/wp\/v2\/posts\/22869","targetHints":{"allow":["GET"]}}],"collection":[{"href":"https:\/\/elterritorialweb.com.ar\/web\/wp-json\/wp\/v2\/posts"}],"about":[{"href":"https:\/\/elterritorialweb.com.ar\/web\/wp-json\/wp\/v2\/types\/post"}],"author":[{"embeddable":true,"href":"https:\/\/elterritorialweb.com.ar\/web\/wp-json\/wp\/v2\/users\/2"}],"replies":[{"embeddable":true,"href":"https:\/\/elterritorialweb.com.ar\/web\/wp-json\/wp\/v2\/comments?post=22869"}],"version-history":[{"count":1,"href":"https:\/\/elterritorialweb.com.ar\/web\/wp-json\/wp\/v2\/posts\/22869\/revisions"}],"predecessor-version":[{"id":22871,"href":"https:\/\/elterritorialweb.com.ar\/web\/wp-json\/wp\/v2\/posts\/22869\/revisions\/22871"}],"wp:featuredmedia":[{"embeddable":true,"href":"https:\/\/elterritorialweb.com.ar\/web\/wp-json\/wp\/v2\/media\/22870"}],"wp:attachment":[{"href":"https:\/\/elterritorialweb.com.ar\/web\/wp-json\/wp\/v2\/media?parent=22869"}],"wp:term":[{"taxonomy":"category","embeddable":true,"href":"https:\/\/elterritorialweb.com.ar\/web\/wp-json\/wp\/v2\/categories?post=22869"},{"taxonomy":"post_tag","embeddable":true,"href":"https:\/\/elterritorialweb.com.ar\/web\/wp-json\/wp\/v2\/tags?post=22869"}],"curies":[{"name":"wp","href":"https:\/\/api.w.org\/{rel}","templated":true}]}}