{"id":22872,"date":"2021-06-04T23:01:54","date_gmt":"2021-06-04T23:01:54","guid":{"rendered":"http:\/\/elterritorialweb.com.ar\/web\/?p=22872"},"modified":"2021-06-04T23:01:55","modified_gmt":"2021-06-04T23:01:55","slug":"en-la-banda-continuan-con-las-castraciones-gratuitas-de-perros-y-gatos","status":"publish","type":"post","link":"https:\/\/elterritorialweb.com.ar\/web\/en-la-banda-continuan-con-las-castraciones-gratuitas-de-perros-y-gatos\/","title":{"rendered":"EN LA BANDA CONTINUAN CON LAS CASTRACIONES GRATUITAS DE PERROS Y GATOS"},"content":{"rendered":"\n<p>Durante el operativo de castraci\u00f3n, estuvieron acompa\u00f1ando el Secretario y la subsecretaria de Desarrollo Humano, Ramiro Barrera y Valeria Chazarreta; adem\u00e1s de los\u00a0\u00a0integrantes de las \u00e1reas de Sanidad Animal y Juntas Vecinales.<\/p>\n\n\n\n<p>Respetando los protocolos de bioseguridad los vecinos del sector llegaron a la unidad m\u00f3vil con la que cuenta el municipio, que se encuentra equipada con un quir\u00f3fano donde se realizaron las esterilizaciones.&nbsp;&nbsp;<\/p>\n\n\n\n<p>En la oportunidad, las autoridades&nbsp;&nbsp;destacaron el trabajo que realizan quienes conforman la junta vecinal de la zona quienes se\u00f1alaron la necesidad de que se realice esta actividad para mejorar la calidad de vida de sus mascotas.<\/p>\n","protected":false},"excerpt":{"rendered":"<p>Como parte del operativo integral de asistencia vecinal que esta semana se desarroll\u00f3 en el barrio Villa Rojas I, en la ma\u00f1ana del viernes se realizaron castraciones gratuitas a perros y gatos mestizos.<\/p>\n","protected":false},"author":2,"featured_media":22873,"comment_status":"open","ping_status":"open","sticky":false,"template":"","format":"standard","meta":{"om_disable_all_campaigns":false,"_monsterinsights_skip_tracking":false,"_monsterinsights_sitenote_active":false,"_monsterinsights_sitenote_note":"","_monsterinsights_sitenote_category":0,"_uf_show_specific_survey":0,"_uf_disable_surveys":false,"jetpack_post_was_ever_published":false,"_jetpack_newsletter_access":"","_jetpack_dont_email_post_to_subs":false,"_jetpack_newsletter_tier_id":0,"_jetpack_memberships_contains_paywalled_content":false,"_jetpack_memberships_contains_paid_content":false,"footnotes":"","jetpack_publicize_message":"","jetpack_publicize_feature_enabled":true,"jetpack_social_post_already_shared":false,"jetpack_social_options":{"image_generator_settings":{"template":"highway","default_image_id":0,"font":"","enabled":false},"version":2}},"categories":[21],"tags":[],"class_list":["post-22872","post","type-post","status-publish","format-standard","has-post-thumbnail","hentry","category-locales"],"aioseo_notices":[],"views":4,"jetpack_publicize_connections":[],"jetpack_featured_media_url":"https:\/\/i0.wp.com\/elterritorialweb.com.ar\/web\/wp-content\/uploads\/2021\/06\/LA-BANDA-CASTRACIONES.jpeg?fit=1030%2C770&ssl=1","jetpack_sharing_enabled":true,"_links":{"self":[{"href":"https:\/\/elterritorialweb.com.ar\/web\/wp-json\/wp\/v2\/posts\/22872","targetHints":{"allow":["GET"]}}],"collection":[{"href":"https:\/\/elterritorialweb.com.ar\/web\/wp-json\/wp\/v2\/posts"}],"about":[{"href":"https:\/\/elterritorialweb.com.ar\/web\/wp-json\/wp\/v2\/types\/post"}],"author":[{"embeddable":true,"href":"https:\/\/elterritorialweb.com.ar\/web\/wp-json\/wp\/v2\/users\/2"}],"replies":[{"embeddable":true,"href":"https:\/\/elterritorialweb.com.ar\/web\/wp-json\/wp\/v2\/comments?post=22872"}],"version-history":[{"count":1,"href":"https:\/\/elterritorialweb.com.ar\/web\/wp-json\/wp\/v2\/posts\/22872\/revisions"}],"predecessor-version":[{"id":22874,"href":"https:\/\/elterritorialweb.com.ar\/web\/wp-json\/wp\/v2\/posts\/22872\/revisions\/22874"}],"wp:featuredmedia":[{"embeddable":true,"href":"https:\/\/elterritorialweb.com.ar\/web\/wp-json\/wp\/v2\/media\/22873"}],"wp:attachment":[{"href":"https:\/\/elterritorialweb.com.ar\/web\/wp-json\/wp\/v2\/media?parent=22872"}],"wp:term":[{"taxonomy":"category","embeddable":true,"href":"https:\/\/elterritorialweb.com.ar\/web\/wp-json\/wp\/v2\/categories?post=22872"},{"taxonomy":"post_tag","embeddable":true,"href":"https:\/\/elterritorialweb.com.ar\/web\/wp-json\/wp\/v2\/tags?post=22872"}],"curies":[{"name":"wp","href":"https:\/\/api.w.org\/{rel}","templated":true}]}}