{"id":22875,"date":"2021-06-04T23:27:36","date_gmt":"2021-06-04T23:27:36","guid":{"rendered":"http:\/\/elterritorialweb.com.ar\/web\/?p=22875"},"modified":"2021-06-04T23:31:16","modified_gmt":"2021-06-04T23:31:16","slug":"comienza-la-vacunacion-covid-a-personas-de-45-a-49-anos-de-capital-y-banda-y-de-40-a-49-en-el-interior","status":"publish","type":"post","link":"https:\/\/elterritorialweb.com.ar\/web\/comienza-la-vacunacion-covid-a-personas-de-45-a-49-anos-de-capital-y-banda-y-de-40-a-49-en-el-interior\/","title":{"rendered":"COMIENZA LA VACUNACI\u00d3N COVID A PERSONAS DE 45 A 49 A\u00d1OS DE CAPITAL Y BANDA Y DE 40 A 49 EN EL INTERIOR"},"content":{"rendered":"\n<p>Ahora es el caso de las personas que tienen entre 40 y 49 a\u00f1os. Los turnos podr\u00e1n consultarse a partir del d\u00eda s\u00e1bado 5 de junio en la aplicaci\u00f3n <a rel=\"noreferrer noopener\" href=\"https:\/\/vacunarse.sde.gob.ar\/?fbclid=IwAR0t1gLzDgkBgiNmYcdhwYUpVqxvl5rVl4wqOlgzx2GTRgm0l3w_6caq4TQ\" target=\"_blank\">https:\/\/vacunarse.sde.gob.ar\/<\/a> <\/p>\n\n\n\n<p><strong>Vacunaci\u00f3n en Capital y Banda<\/strong><\/p>\n\n\n\n<p>La estrategia comenzar\u00e1 el martes 8 y mi\u00e9rcoles 9 de junio en la Ciudad Capital y la Ciudad de La Banda destinada a las personas con y sin Factores de Riesgo que est\u00e9n comprendidas entre los 45 a 49 a\u00f1os de edad, de 8 a 14 hs. en los siguientes lugares. <\/p>\n\n\n\n<p><strong>En Capital<\/strong><\/p>\n\n\n\n<p>Club Coronel Borges: Avda. Belgrano Norte 2068<\/p>\n\n\n\n<p>Club Sportivo Colon: Antenor Alvarez 279<\/p>\n\n\n\n<p>Club Nicolas Avellaneda: Dr. Manuel Gorostiaga 1699<\/p>\n\n\n\n<p>Club De Veteranos: Congreso Y Garibaldi<\/p>\n\n\n\n<p>Club Belgrano: Belgrano y Viamonte<\/p>\n\n\n\n<p>Club Dorrego: Dorrego y 24 De Septiembre<\/p>\n\n\n\n<p>Club Veteranos Defensores del Sur: Pje. Lascano Entre 24 De Septiembre E Independencia<\/p>\n\n\n\n<p>Club Alte. Brown: Calle 11 N\u00ba 30<\/p>\n\n\n\n<p>Club Villa Hortencia: Pasco 1 &#8211; 99<\/p>\n\n\n\n<p>CIC Campo Contreras: Ing. Contreras 4850<\/p>\n\n\n\n<p><strong>En La Banda<\/strong><\/p>\n\n\n\n<p>Club Tiro Federal: Avda. San Martin 550<\/p>\n\n\n\n<p>Club Ciclista Olimpico: Chacabuco 115<\/p>\n\n\n\n<p>Centro Recreativo: Besares y Alberdi<\/p>\n\n\n\n<p>Oportunamente se informar\u00e1 la programaci\u00f3n para quienes est\u00e9n comprendidos entre los 40 y 45 a\u00f1os. <\/p>\n\n\n\n<p><strong>Vacunaci\u00f3n en Interior<\/strong><\/p>\n\n\n\n<p>En los siguientes lugares del interior la vacunaci\u00f3n estar\u00e1 destinada a personas con y sin factores de riesgo para quienes tengan entre 40 a 49 a\u00f1os de edad. <\/p>\n\n\n\n<p>Y se llevar\u00e1 a cabo, en las siguientes localidades, en el horario de 8 a 14 hs. seg\u00fan el siguiente cronograma: <\/p>\n\n\n\n<p>Termas de Rio Hondo, Centro Cultural Gral. San Martin: Suipacha y Avda. Belgrano. Los d\u00edas Mi\u00e9rcoles 9, Jueves 10, Viernes 11, Lunes 14 y Martes 15 de junio. <\/p>\n\n\n\n<p>Los d\u00edas Mi\u00e9rcoles 9, Jueves 10 y Viernes 11 de junio en:<\/p>\n\n\n\n<p>Fr\u00edas: Club Central C\u00f3rdoba: Rivadavia y Roca. <\/p>\n\n\n\n<p>A\u00f1atuya: Centro de Convenciones <\/p>\n\n\n\n<p>A\u00f1atuya: Av. 9 de Julio y Eduardo DUMAS<\/p>\n\n\n\n<p>Fern\u00e1ndez: Club Independiente. Independencia y 20 de Junio. Los d\u00edas Mi\u00e9rcoles 9 y Jueves 10 de junio en:<\/p>\n\n\n\n<p>Forres CIC de Forres: Ruta 18 y Av. Libertad<\/p>\n\n\n\n<p>Beltr\u00e1n: Polideportivo Beltr\u00e1n. Moreno e Islas Malvinas<\/p>\n\n\n\n<p>Los Jur\u00edes: Club Futbol y Biblioteca <\/p>\n\n\n\n<p>Los Jur\u00edes. Mitre y Salta<\/p>\n","protected":false},"excerpt":{"rendered":"<p>El Ministerio de Salud avanza en la inclusi\u00f3n de nuevos poblacionales para ser inmunizados con la vacuna contra coronavirus. <\/p>\n","protected":false},"author":2,"featured_media":22877,"comment_status":"open","ping_status":"open","sticky":false,"template":"","format":"standard","meta":{"om_disable_all_campaigns":false,"_monsterinsights_skip_tracking":false,"_monsterinsights_sitenote_active":false,"_monsterinsights_sitenote_note":"","_monsterinsights_sitenote_category":0,"_uf_show_specific_survey":0,"_uf_disable_surveys":false,"jetpack_post_was_ever_published":false,"_jetpack_newsletter_access":"","_jetpack_dont_email_post_to_subs":false,"_jetpack_newsletter_tier_id":0,"_jetpack_memberships_contains_paywalled_content":false,"_jetpack_memberships_contains_paid_content":false,"footnotes":"","jetpack_publicize_message":"","jetpack_publicize_feature_enabled":true,"jetpack_social_post_already_shared":false,"jetpack_social_options":{"image_generator_settings":{"template":"highway","default_image_id":0,"font":"","enabled":false},"version":2}},"categories":[3],"tags":[],"class_list":["post-22875","post","type-post","status-publish","format-standard","has-post-thumbnail","hentry","category-salud"],"aioseo_notices":[],"views":8,"jetpack_publicize_connections":[],"jetpack_featured_media_url":"https:\/\/i0.wp.com\/elterritorialweb.com.ar\/web\/wp-content\/uploads\/2021\/06\/vacunacion-de-45-a-49-anos-1-e1622849394225.jpg?fit=714%2C696&ssl=1","jetpack_sharing_enabled":true,"_links":{"self":[{"href":"https:\/\/elterritorialweb.com.ar\/web\/wp-json\/wp\/v2\/posts\/22875","targetHints":{"allow":["GET"]}}],"collection":[{"href":"https:\/\/elterritorialweb.com.ar\/web\/wp-json\/wp\/v2\/posts"}],"about":[{"href":"https:\/\/elterritorialweb.com.ar\/web\/wp-json\/wp\/v2\/types\/post"}],"author":[{"embeddable":true,"href":"https:\/\/elterritorialweb.com.ar\/web\/wp-json\/wp\/v2\/users\/2"}],"replies":[{"embeddable":true,"href":"https:\/\/elterritorialweb.com.ar\/web\/wp-json\/wp\/v2\/comments?post=22875"}],"version-history":[{"count":1,"href":"https:\/\/elterritorialweb.com.ar\/web\/wp-json\/wp\/v2\/posts\/22875\/revisions"}],"predecessor-version":[{"id":22876,"href":"https:\/\/elterritorialweb.com.ar\/web\/wp-json\/wp\/v2\/posts\/22875\/revisions\/22876"}],"wp:featuredmedia":[{"embeddable":true,"href":"https:\/\/elterritorialweb.com.ar\/web\/wp-json\/wp\/v2\/media\/22877"}],"wp:attachment":[{"href":"https:\/\/elterritorialweb.com.ar\/web\/wp-json\/wp\/v2\/media?parent=22875"}],"wp:term":[{"taxonomy":"category","embeddable":true,"href":"https:\/\/elterritorialweb.com.ar\/web\/wp-json\/wp\/v2\/categories?post=22875"},{"taxonomy":"post_tag","embeddable":true,"href":"https:\/\/elterritorialweb.com.ar\/web\/wp-json\/wp\/v2\/tags?post=22875"}],"curies":[{"name":"wp","href":"https:\/\/api.w.org\/{rel}","templated":true}]}}