{"id":22879,"date":"2021-06-04T23:38:01","date_gmt":"2021-06-04T23:38:01","guid":{"rendered":"http:\/\/elterritorialweb.com.ar\/web\/?p=22879"},"modified":"2021-06-04T23:46:45","modified_gmt":"2021-06-04T23:46:45","slug":"la-banda-se-adhiere-al-bono-aguinaldo-de-15-000","status":"publish","type":"post","link":"https:\/\/elterritorialweb.com.ar\/web\/la-banda-se-adhiere-al-bono-aguinaldo-de-15-000\/","title":{"rendered":"LA BANDA SE ADHIERE AL \u201cBONO AGUINALDO\u201d DE $15.000"},"content":{"rendered":"\n<p>La medida fue consolidada en acuerdo con los Gremios de la ciudad, SUOME, SIMUBA, ATE Y ADEM y en disposici\u00f3n abarcar\u00e1 a todos los municipales de planta temporaria y permanente.<\/p>\n\n\n\n<p>Ser\u00e1 abonado junto con el Medio Aguinaldo (ambos sin ning\u00fan descuento) el 1 y 2 de julio al personal de la Administraci\u00f3n P\u00fablica municipal.<\/p>\n\n\n\n<p>En el anuncio, Mirolo hizo hincapi\u00e9, \u201cen que este bono ayuda y aporta en la econom\u00eda del hogar, ya que durante este tiempo no fue f\u00e1cil\u201d.<\/p>\n\n\n\n<h3 class=\"wp-block-heading\">Mirolo: \u201cLos empleados de Salud tambi\u00e9n ser\u00e1n beneficiados con el bono\u00bb<\/h3>\n\n\n\n<p>En agradecimiento y destacando el gran aporte de los empleados de salud durante este tiempo, ser\u00e1n abarcados para poder cobrar al igual que los empleados de la administraci\u00f3n el bono aguinaldo de $6500 por tres meses.<\/p>\n\n\n\n<figure class=\"wp-block-image size-large\"><a href=\"https:\/\/i0.wp.com\/elterritorialweb.com.ar\/web\/wp-content\/uploads\/2021\/06\/MIROLO-BONO-AGUINALDO-1.jpg\"><img data-recalc-dims=\"1\" decoding=\"async\" width=\"640\" height=\"483\" data-src=\"https:\/\/i0.wp.com\/elterritorialweb.com.ar\/web\/wp-content\/uploads\/2021\/06\/MIROLO-BONO-AGUINALDO-1.jpg?resize=640%2C483\" alt=\"\" class=\"wp-image-22883 lazyload\" data-srcset=\"https:\/\/i0.wp.com\/elterritorialweb.com.ar\/web\/wp-content\/uploads\/2021\/06\/MIROLO-BONO-AGUINALDO-1.jpg?w=1024&amp;ssl=1 1024w, https:\/\/i0.wp.com\/elterritorialweb.com.ar\/web\/wp-content\/uploads\/2021\/06\/MIROLO-BONO-AGUINALDO-1.jpg?resize=300%2C226&amp;ssl=1 300w, https:\/\/i0.wp.com\/elterritorialweb.com.ar\/web\/wp-content\/uploads\/2021\/06\/MIROLO-BONO-AGUINALDO-1.jpg?resize=768%2C579&amp;ssl=1 768w\" data-sizes=\"(max-width: 640px) 100vw, 640px\" src=\"data:image\/svg+xml;base64,PHN2ZyB3aWR0aD0iMSIgaGVpZ2h0PSIxIiB4bWxucz0iaHR0cDovL3d3dy53My5vcmcvMjAwMC9zdmciPjwvc3ZnPg==\" style=\"--smush-placeholder-width: 640px; --smush-placeholder-aspect-ratio: 640\/483;\" \/><\/a><\/figure>\n","protected":false},"excerpt":{"rendered":"<p>El intendente  Pablo Mirolo anuncio en la ma\u00f1ana del viernes, que en consonancia con lo dispuesto por el Gobierno de la Provincia sobre el pago del bono de $15 mil para la administraci\u00f3n p\u00fablica, el municipio bande\u00f1o se adhiere a los beneficios para los empleados de todas sus \u00e1reas.<\/p>\n","protected":false},"author":2,"featured_media":22880,"comment_status":"open","ping_status":"open","sticky":false,"template":"","format":"standard","meta":{"om_disable_all_campaigns":false,"_monsterinsights_skip_tracking":false,"_monsterinsights_sitenote_active":false,"_monsterinsights_sitenote_note":"","_monsterinsights_sitenote_category":0,"_uf_show_specific_survey":0,"_uf_disable_surveys":false,"jetpack_post_was_ever_published":false,"_jetpack_newsletter_access":"","_jetpack_dont_email_post_to_subs":false,"_jetpack_newsletter_tier_id":0,"_jetpack_memberships_contains_paywalled_content":false,"_jetpack_memberships_contains_paid_content":false,"footnotes":"","jetpack_publicize_message":"","jetpack_publicize_feature_enabled":true,"jetpack_social_post_already_shared":false,"jetpack_social_options":{"image_generator_settings":{"template":"highway","default_image_id":0,"font":"","enabled":false},"version":2}},"categories":[21],"tags":[],"class_list":["post-22879","post","type-post","status-publish","format-standard","has-post-thumbnail","hentry","category-locales"],"aioseo_notices":[],"views":13,"jetpack_publicize_connections":[],"jetpack_featured_media_url":"https:\/\/i0.wp.com\/elterritorialweb.com.ar\/web\/wp-content\/uploads\/2021\/06\/MIROLO-BONO-AGUINALDO-e1622849850679.jpeg?fit=1030%2C571&ssl=1","jetpack_sharing_enabled":true,"_links":{"self":[{"href":"https:\/\/elterritorialweb.com.ar\/web\/wp-json\/wp\/v2\/posts\/22879","targetHints":{"allow":["GET"]}}],"collection":[{"href":"https:\/\/elterritorialweb.com.ar\/web\/wp-json\/wp\/v2\/posts"}],"about":[{"href":"https:\/\/elterritorialweb.com.ar\/web\/wp-json\/wp\/v2\/types\/post"}],"author":[{"embeddable":true,"href":"https:\/\/elterritorialweb.com.ar\/web\/wp-json\/wp\/v2\/users\/2"}],"replies":[{"embeddable":true,"href":"https:\/\/elterritorialweb.com.ar\/web\/wp-json\/wp\/v2\/comments?post=22879"}],"version-history":[{"count":2,"href":"https:\/\/elterritorialweb.com.ar\/web\/wp-json\/wp\/v2\/posts\/22879\/revisions"}],"predecessor-version":[{"id":22884,"href":"https:\/\/elterritorialweb.com.ar\/web\/wp-json\/wp\/v2\/posts\/22879\/revisions\/22884"}],"wp:featuredmedia":[{"embeddable":true,"href":"https:\/\/elterritorialweb.com.ar\/web\/wp-json\/wp\/v2\/media\/22880"}],"wp:attachment":[{"href":"https:\/\/elterritorialweb.com.ar\/web\/wp-json\/wp\/v2\/media?parent=22879"}],"wp:term":[{"taxonomy":"category","embeddable":true,"href":"https:\/\/elterritorialweb.com.ar\/web\/wp-json\/wp\/v2\/categories?post=22879"},{"taxonomy":"post_tag","embeddable":true,"href":"https:\/\/elterritorialweb.com.ar\/web\/wp-json\/wp\/v2\/tags?post=22879"}],"curies":[{"name":"wp","href":"https:\/\/api.w.org\/{rel}","templated":true}]}}