{"id":22888,"date":"2021-06-05T00:41:17","date_gmt":"2021-06-05T00:41:17","guid":{"rendered":"http:\/\/elterritorialweb.com.ar\/web\/?p=22888"},"modified":"2021-06-05T00:50:48","modified_gmt":"2021-06-05T00:50:48","slug":"historico-colon-goleo-a-racing-y-se-consagro-campeon-de-la-liga-profesional","status":"publish","type":"post","link":"https:\/\/elterritorialweb.com.ar\/web\/historico-colon-goleo-a-racing-y-se-consagro-campeon-de-la-liga-profesional\/","title":{"rendered":"HIST\u00d3RICO: COL\u00d3N GOLE\u00d3 A RACING Y SE CONSAGR\u00d3 CAMPE\u00d3N DE LA LIGA PROFESIONAL"},"content":{"rendered":"\n<p><strong>Col\u00f3n de Santa Fe gole\u00f3 a Racing por 3-0\u00a0<\/strong>en el estadio San Juan del Bicentenario y\u00a0<strong>se coron\u00f3 campe\u00f3n de la Copa Liga Profesional<\/strong>. Con goles de\u00a0<strong>Rodrigo Aliendro, Cristian Bernardi y Alexis Castro,\u00a0<\/strong>el Sabalero logr\u00f3\u00a0<strong>su primer t\u00edtulo en toda su historia y se clasific\u00f3 a la Copa Libertadores 2022.<\/strong><\/p>\n\n\n\n<figure class=\"wp-block-image size-large\"><a href=\"https:\/\/i0.wp.com\/elterritorialweb.com.ar\/web\/wp-content\/uploads\/2021\/06\/COLON-RACING.jpg\"><img data-recalc-dims=\"1\" decoding=\"async\" width=\"640\" height=\"268\" data-src=\"https:\/\/i0.wp.com\/elterritorialweb.com.ar\/web\/wp-content\/uploads\/2021\/06\/COLON-RACING.jpg?resize=640%2C268\" alt=\"\" class=\"wp-image-22891 lazyload\" data-srcset=\"https:\/\/i0.wp.com\/elterritorialweb.com.ar\/web\/wp-content\/uploads\/2021\/06\/COLON-RACING.jpg?w=679&amp;ssl=1 679w, https:\/\/i0.wp.com\/elterritorialweb.com.ar\/web\/wp-content\/uploads\/2021\/06\/COLON-RACING.jpg?resize=300%2C125&amp;ssl=1 300w\" data-sizes=\"(max-width: 640px) 100vw, 640px\" src=\"data:image\/svg+xml;base64,PHN2ZyB3aWR0aD0iMSIgaGVpZ2h0PSIxIiB4bWxucz0iaHR0cDovL3d3dy53My5vcmcvMjAwMC9zdmciPjwvc3ZnPg==\" style=\"--smush-placeholder-width: 640px; --smush-placeholder-aspect-ratio: 640\/268;\" \/><\/a><\/figure>\n\n\n\n<p>El equipo de\u00a0<strong>Eduardo Dom\u00ednguez\u00a0<\/strong>fue m\u00e1s que La Academia y demostr\u00f3 por qu\u00e9 termin\u00f3 primero en su zona de grupos. Ven\u00eda de vencer muy bien a\u00a0<strong>Independiente\u00a0<\/strong>y volvi\u00f3 a dar otra muestra de car\u00e1cter y buen f\u00fatbol. Pese a que el primer tiempo fue algo m\u00e1s parejo,\u00a0<strong>los santafesinos se mostraron con mayor intenciones de quedarse con el partido.<\/strong><\/p>\n\n\n\n<figure class=\"wp-block-image size-large\"><a href=\"https:\/\/i0.wp.com\/elterritorialweb.com.ar\/web\/wp-content\/uploads\/2021\/06\/COLON-RACING-1.jpg\"><img data-recalc-dims=\"1\" decoding=\"async\" width=\"640\" height=\"466\" data-src=\"https:\/\/i0.wp.com\/elterritorialweb.com.ar\/web\/wp-content\/uploads\/2021\/06\/COLON-RACING-1.jpg?resize=640%2C466\" alt=\"\" class=\"wp-image-22892 lazyload\" data-srcset=\"https:\/\/i0.wp.com\/elterritorialweb.com.ar\/web\/wp-content\/uploads\/2021\/06\/COLON-RACING-1.jpg?w=680&amp;ssl=1 680w, https:\/\/i0.wp.com\/elterritorialweb.com.ar\/web\/wp-content\/uploads\/2021\/06\/COLON-RACING-1.jpg?resize=300%2C218&amp;ssl=1 300w\" data-sizes=\"(max-width: 640px) 100vw, 640px\" src=\"data:image\/svg+xml;base64,PHN2ZyB3aWR0aD0iMSIgaGVpZ2h0PSIxIiB4bWxucz0iaHR0cDovL3d3dy53My5vcmcvMjAwMC9zdmciPjwvc3ZnPg==\" style=\"--smush-placeholder-width: 640px; --smush-placeholder-aspect-ratio: 640\/466;\" \/><\/a><\/figure>\n\n\n\n<p>Los goles llegaron en el complemento. A los 13 minutos,\u00a0<strong>Facundo Mura desbord\u00f3 por derecha y meti\u00f3 el centro para Aliendro, que la empuj\u00f3 y rompi\u00f3 el cero<\/strong>. Lejos de meterse atr\u00e1s, fueron por m\u00e1s y antes de la media hora de juego,\u00a0<strong>Leguizam\u00f3n, que entr\u00f3 por la lesi\u00f3n del Pulga Rodr\u00edguez, asisti\u00f3 a Bernardi, que defini\u00f3 con categor\u00eda por encima de Gast\u00f3n G\u00f3mez<\/strong>. Sobre el final,\u00a0<strong>Castro, una de las grandes figuras, se meti\u00f3 en el \u00e1rea a pura gambeta y defini\u00f3 con clase al segundo palo\u00a0<\/strong>para poner cifras definitivas al cotejo.<\/p>\n\n\n\n<figure class=\"wp-block-image size-large\"><a href=\"https:\/\/i0.wp.com\/elterritorialweb.com.ar\/web\/wp-content\/uploads\/2021\/06\/COLON-RACING-2.jpg\"><img data-recalc-dims=\"1\" decoding=\"async\" width=\"640\" height=\"426\" data-src=\"https:\/\/i0.wp.com\/elterritorialweb.com.ar\/web\/wp-content\/uploads\/2021\/06\/COLON-RACING-2.jpg?resize=640%2C426\" alt=\"\" class=\"wp-image-22893 lazyload\" data-srcset=\"https:\/\/i0.wp.com\/elterritorialweb.com.ar\/web\/wp-content\/uploads\/2021\/06\/COLON-RACING-2.jpg?w=680&amp;ssl=1 680w, https:\/\/i0.wp.com\/elterritorialweb.com.ar\/web\/wp-content\/uploads\/2021\/06\/COLON-RACING-2.jpg?resize=300%2C200&amp;ssl=1 300w\" data-sizes=\"(max-width: 640px) 100vw, 640px\" src=\"data:image\/svg+xml;base64,PHN2ZyB3aWR0aD0iMSIgaGVpZ2h0PSIxIiB4bWxucz0iaHR0cDovL3d3dy53My5vcmcvMjAwMC9zdmciPjwvc3ZnPg==\" style=\"--smush-placeholder-width: 640px; --smush-placeholder-aspect-ratio: 640\/426;\" \/><\/a><\/figure>\n\n\n\n<p><strong>Fue final 3-0 y Col\u00f3n se consagr\u00f3 campe\u00f3n de la Copa Liga Profesional<\/strong>, logr\u00f3 el primer t\u00edtulo en su historia, es el cuarto equipo del interior en coronarse y logr\u00f3 la clasificaci\u00f3n a la pr\u00f3xima edici\u00f3n de la\u00a0<strong>Copa Libertadores<\/strong>. Tuvo su revancha tras la final de la\u00a0<strong>Copa Sudamericana en 2019 y esta vez festej\u00f3<\/strong>. Por su parte,\u00a0<strong>Racing cay\u00f3 en otro partido definitorio.\u00a0<\/strong>En marzo tambi\u00e9n\u00a0<strong>fue goleado pero por River, 5-0 en la Supercopa Argentina.<\/strong><\/p>\n\n\n\n<figure class=\"wp-block-image size-large\"><a href=\"https:\/\/i0.wp.com\/elterritorialweb.com.ar\/web\/wp-content\/uploads\/2021\/06\/COLON-RACING-3.jpg\"><img data-recalc-dims=\"1\" decoding=\"async\" width=\"640\" height=\"455\" data-src=\"https:\/\/i0.wp.com\/elterritorialweb.com.ar\/web\/wp-content\/uploads\/2021\/06\/COLON-RACING-3.jpg?resize=640%2C455\" alt=\"\" class=\"wp-image-22895 lazyload\" data-srcset=\"https:\/\/i0.wp.com\/elterritorialweb.com.ar\/web\/wp-content\/uploads\/2021\/06\/COLON-RACING-3.jpg?w=679&amp;ssl=1 679w, https:\/\/i0.wp.com\/elterritorialweb.com.ar\/web\/wp-content\/uploads\/2021\/06\/COLON-RACING-3.jpg?resize=300%2C213&amp;ssl=1 300w\" data-sizes=\"(max-width: 640px) 100vw, 640px\" src=\"data:image\/svg+xml;base64,PHN2ZyB3aWR0aD0iMSIgaGVpZ2h0PSIxIiB4bWxucz0iaHR0cDovL3d3dy53My5vcmcvMjAwMC9zdmciPjwvc3ZnPg==\" style=\"--smush-placeholder-width: 640px; --smush-placeholder-aspect-ratio: 640\/455;\" \/><\/a><\/figure>\n\n\n\n<p><\/p>\n\n\n\n<p><\/p>\n\n\n\n<p><\/p>\n\n\n\n<p><\/p>\n\n\n\n<p><\/p>\n\n\n\n<p><\/p>\n\n\n\n<p><\/p>\n\n\n\n<p><\/p>\n\n\n\n<p><\/p>\n\n\n\n<p><\/p>\n","protected":false},"excerpt":{"rendered":"<p>El Sabalero se impuso por 3-0 sobre La Academia con goles de Aliendro, Bernardi y Castro en San Juan y logr\u00f3 su primer t\u00edtulo en toda su historia.<\/p>\n","protected":false},"author":2,"featured_media":22889,"comment_status":"open","ping_status":"open","sticky":false,"template":"","format":"standard","meta":{"om_disable_all_campaigns":false,"_monsterinsights_skip_tracking":false,"_monsterinsights_sitenote_active":false,"_monsterinsights_sitenote_note":"","_monsterinsights_sitenote_category":0,"_uf_show_specific_survey":0,"_uf_disable_surveys":false,"jetpack_post_was_ever_published":false,"_jetpack_newsletter_access":"","_jetpack_dont_email_post_to_subs":false,"_jetpack_newsletter_tier_id":0,"_jetpack_memberships_contains_paywalled_content":false,"_jetpack_memberships_contains_paid_content":false,"footnotes":"","jetpack_publicize_message":"","jetpack_publicize_feature_enabled":true,"jetpack_social_post_already_shared":false,"jetpack_social_options":{"image_generator_settings":{"template":"highway","default_image_id":0,"font":"","enabled":false},"version":2}},"categories":[6],"tags":[],"class_list":["post-22888","post","type-post","status-publish","format-standard","has-post-thumbnail","hentry","category-deportes"],"aioseo_notices":[],"views":24,"jetpack_publicize_connections":[],"jetpack_featured_media_url":"https:\/\/i0.wp.com\/elterritorialweb.com.ar\/web\/wp-content\/uploads\/2021\/06\/2021-06-04-e1622853636205.png?fit=1366%2C703&ssl=1","jetpack_sharing_enabled":true,"_links":{"self":[{"href":"https:\/\/elterritorialweb.com.ar\/web\/wp-json\/wp\/v2\/posts\/22888","targetHints":{"allow":["GET"]}}],"collection":[{"href":"https:\/\/elterritorialweb.com.ar\/web\/wp-json\/wp\/v2\/posts"}],"about":[{"href":"https:\/\/elterritorialweb.com.ar\/web\/wp-json\/wp\/v2\/types\/post"}],"author":[{"embeddable":true,"href":"https:\/\/elterritorialweb.com.ar\/web\/wp-json\/wp\/v2\/users\/2"}],"replies":[{"embeddable":true,"href":"https:\/\/elterritorialweb.com.ar\/web\/wp-json\/wp\/v2\/comments?post=22888"}],"version-history":[{"count":2,"href":"https:\/\/elterritorialweb.com.ar\/web\/wp-json\/wp\/v2\/posts\/22888\/revisions"}],"predecessor-version":[{"id":22896,"href":"https:\/\/elterritorialweb.com.ar\/web\/wp-json\/wp\/v2\/posts\/22888\/revisions\/22896"}],"wp:featuredmedia":[{"embeddable":true,"href":"https:\/\/elterritorialweb.com.ar\/web\/wp-json\/wp\/v2\/media\/22889"}],"wp:attachment":[{"href":"https:\/\/elterritorialweb.com.ar\/web\/wp-json\/wp\/v2\/media?parent=22888"}],"wp:term":[{"taxonomy":"category","embeddable":true,"href":"https:\/\/elterritorialweb.com.ar\/web\/wp-json\/wp\/v2\/categories?post=22888"},{"taxonomy":"post_tag","embeddable":true,"href":"https:\/\/elterritorialweb.com.ar\/web\/wp-json\/wp\/v2\/tags?post=22888"}],"curies":[{"name":"wp","href":"https:\/\/api.w.org\/{rel}","templated":true}]}}