{"id":22897,"date":"2021-06-05T01:30:36","date_gmt":"2021-06-05T01:30:36","guid":{"rendered":"http:\/\/elterritorialweb.com.ar\/web\/?p=22897"},"modified":"2021-06-05T01:30:37","modified_gmt":"2021-06-05T01:30:37","slug":"carlos-tevez-no-voy-a-seguir-en-boca","status":"publish","type":"post","link":"https:\/\/elterritorialweb.com.ar\/web\/carlos-tevez-no-voy-a-seguir-en-boca\/","title":{"rendered":"CARLOS TEVEZ: \u00abNO VOY A SEGUIR EN BOCA\u00bb"},"content":{"rendered":"\n<p>Carlos Tevez, uno de los \u00eddolos m\u00e1ximos de la instituci\u00f3n, comunic\u00f3 esta tarde su salida anticipada de Boca Juniors, aun cuando ten\u00eda contrato vigente hasta diciembre pr\u00f3ximo, argumentando&nbsp;<strong>\u201cno estar mentalmente\u201d preparado&nbsp;<\/strong>para la exigencia del f\u00fatbol profesional.<\/p>\n\n\n\n<p>\u201cBoca me necesita al 120 por ciento y mentalmente no estoy para eso\u201d, sostuvo el atacante, de 37 a\u00f1os, en el arranque de una conferencia de prensa que brind\u00f3 este viernes en el sal\u00f3n Filiberto de La Bombonera.<\/p>\n\n\n\n<p>\u201cEstoy pleno con esta decisi\u00f3n.\u00a0<strong>No tengo nada m\u00e1s para dar.<\/strong>\u00a0D\u00ed todo. Por eso estoy feliz\u201d, sostuvo el tambi\u00e9n exdelantero de Corinthians de Brasil; Manchester United, de Inglaterra; y Juventus, de Italia, entre otras entidades.<\/p>\n\n\n\n<p>El delantero admiti\u00f3 que le costaba \u201ccada vez m\u00e1s ir a entrenarme, poder enfocarme en lo mental. Si no est\u00e1s bien en lo mental, lo f\u00edsico se hace muy dif\u00edcil\u201d, sostuvo.<\/p>\n\n\n\n<p>Tevez, que jug\u00f3 su \u00faltimo partido el lunes pasado en la semifinal de la Copa de la Liga Profesional ante Racing en San Juan, agradeci\u00f3 al \u201ccuerpo t\u00e9cnico, a la dirigencia, a mis compa\u00f1eros, a la gente del club, seguridad, masajistas. Los que trabajan para que el club sea cada vez m\u00e1s grande\u201d, remarc\u00f3.<\/p>\n\n\n\n<p>Juan Rom\u00e1n Riquelme, vicepresidente y referente m\u00e1ximo del denominado Consejo de F\u00fatbol; Ra\u00fal Cascini, uno de sus laderos; y Miguel \u00c1ngel Russo, entrenador del plantel profesional, presenciaron la conferencia en un costado del sal\u00f3n.<\/p>\n\n\n\n<p>Ataviado con un buzo de color naranja y flanqueado por el presidente Jorge Amor Ameal, el \u00eddolo xeneize continu\u00f3 describiendo sus sensaciones: \u201cNo es una despedida; es un hasta pronto.\u00a0<strong>Siempre estar\u00e9 para el hincha, para el pueblo xeneize<\/strong>, no ya como jugador, sino como el \u2018Carlitos\u2019 de la gente\u201d, aclar\u00f3.<\/p>\n\n\n\n<p>Tevez, que cumpli\u00f3 tres ciclos en el club auriazul, justific\u00f3 su decisi\u00f3n remarcando que no hizo \u201cel duelo correspondiente\u201d, tras la muerte de su padre, Segundo, ocurrida en febrero pasado.<\/p>\n\n\n\n<p>\u201cNo tuve tiempo de hacer el duelo por la muerte de mi padre y ya estaba jugando de vuelta. As\u00ed es la exigencia de Boca\u201d, consider\u00f3.<\/p>\n\n\n\n<p>Antes de ingresar al recinto, un poco m\u00e1s de media hora despu\u00e9s de lo previsto, el atacante estuvo encerrado en las oficinas de Presidencia de la entidad, junto a Riquelme y Amor Ameal. A ese c\u00f3nclave luego se sum\u00f3 el DT Russo.<\/p>\n\n\n\n<p>El \u00eddolo desestim\u00f3, en lo inmediato, ponerse la camiseta de otro club en la Argentina o en alg\u00fan otro lugar del mundo.<\/p>\n\n\n\n<p>\u201c<strong>Hoy te digo que me retiro<\/strong>, pero en tres meses, tal vez, tengo ganas de volver a jugar. Pero en Boca no, porque mentalmente no voy a volver a estar al 120 por ciento\u201d, puntualiz\u00f3.<\/p>\n\n\n\n<p>Tevez insisti\u00f3 en que no sabe qu\u00e9 har\u00e1 en el futuro. \u00abAc\u00e1 no voy a volver como jugador. Es uno de los d\u00edas m\u00e1s tristes de mi vida pero siento que la decisi\u00f3n es la mejor\u201d, expres\u00f3.<\/p>\n\n\n\n<p>El atacante tambi\u00e9n record\u00f3, ante la consulta de T\u00e9lam, lo que vivi\u00f3 la \u00faltima vez que jug\u00f3 con p\u00fablico en La Bombonera, all\u00e1 por marzo del 2020, cuando Boca le gan\u00f3 por 1-0 a Gimnasia y Esgrima La Plata, que dirig\u00eda el fallecido Diego Maradona, para clasificarse campe\u00f3n de esa Superliga.<\/p>\n","protected":false},"excerpt":{"rendered":"<p>El \u201cApache\u201d confirm\u00f3 en conferencia de prensa su salida de la instituci\u00f3n de la Ribera y manifest\u00f3 que: \u201ccomo jugador lo di todo y por eso estoy feliz\u201d. \u201cSe me hace dif\u00edcil hablarles para decirles que no seguir\u00e9\u201d, admiti\u00f3.<\/p>\n","protected":false},"author":2,"featured_media":22898,"comment_status":"open","ping_status":"open","sticky":false,"template":"","format":"standard","meta":{"om_disable_all_campaigns":false,"_monsterinsights_skip_tracking":false,"_monsterinsights_sitenote_active":false,"_monsterinsights_sitenote_note":"","_monsterinsights_sitenote_category":0,"_uf_show_specific_survey":0,"_uf_disable_surveys":false,"jetpack_post_was_ever_published":false,"_jetpack_newsletter_access":"","_jetpack_dont_email_post_to_subs":false,"_jetpack_newsletter_tier_id":0,"_jetpack_memberships_contains_paywalled_content":false,"_jetpack_memberships_contains_paid_content":false,"footnotes":"","jetpack_publicize_message":"","jetpack_publicize_feature_enabled":true,"jetpack_social_post_already_shared":false,"jetpack_social_options":{"image_generator_settings":{"template":"highway","default_image_id":0,"font":"","enabled":false},"version":2}},"categories":[6],"tags":[],"class_list":["post-22897","post","type-post","status-publish","format-standard","has-post-thumbnail","hentry","category-deportes"],"aioseo_notices":[],"views":7,"jetpack_publicize_connections":[],"jetpack_featured_media_url":"https:\/\/i0.wp.com\/elterritorialweb.com.ar\/web\/wp-content\/uploads\/2021\/06\/TEVEZ-1.jpg?fit=540%2C405&ssl=1","jetpack_sharing_enabled":true,"_links":{"self":[{"href":"https:\/\/elterritorialweb.com.ar\/web\/wp-json\/wp\/v2\/posts\/22897","targetHints":{"allow":["GET"]}}],"collection":[{"href":"https:\/\/elterritorialweb.com.ar\/web\/wp-json\/wp\/v2\/posts"}],"about":[{"href":"https:\/\/elterritorialweb.com.ar\/web\/wp-json\/wp\/v2\/types\/post"}],"author":[{"embeddable":true,"href":"https:\/\/elterritorialweb.com.ar\/web\/wp-json\/wp\/v2\/users\/2"}],"replies":[{"embeddable":true,"href":"https:\/\/elterritorialweb.com.ar\/web\/wp-json\/wp\/v2\/comments?post=22897"}],"version-history":[{"count":1,"href":"https:\/\/elterritorialweb.com.ar\/web\/wp-json\/wp\/v2\/posts\/22897\/revisions"}],"predecessor-version":[{"id":22899,"href":"https:\/\/elterritorialweb.com.ar\/web\/wp-json\/wp\/v2\/posts\/22897\/revisions\/22899"}],"wp:featuredmedia":[{"embeddable":true,"href":"https:\/\/elterritorialweb.com.ar\/web\/wp-json\/wp\/v2\/media\/22898"}],"wp:attachment":[{"href":"https:\/\/elterritorialweb.com.ar\/web\/wp-json\/wp\/v2\/media?parent=22897"}],"wp:term":[{"taxonomy":"category","embeddable":true,"href":"https:\/\/elterritorialweb.com.ar\/web\/wp-json\/wp\/v2\/categories?post=22897"},{"taxonomy":"post_tag","embeddable":true,"href":"https:\/\/elterritorialweb.com.ar\/web\/wp-json\/wp\/v2\/tags?post=22897"}],"curies":[{"name":"wp","href":"https:\/\/api.w.org\/{rel}","templated":true}]}}