{"id":22900,"date":"2021-06-05T05:23:23","date_gmt":"2021-06-05T05:23:23","guid":{"rendered":"http:\/\/elterritorialweb.com.ar\/web\/?p=22900"},"modified":"2021-06-05T05:35:52","modified_gmt":"2021-06-05T05:35:52","slug":"coronavirus-en-santiago-se-confirmaron-720-casos-positivos-en-la-provincia","status":"publish","type":"post","link":"https:\/\/elterritorialweb.com.ar\/web\/coronavirus-en-santiago-se-confirmaron-720-casos-positivos-en-la-provincia\/","title":{"rendered":"CORONAVIRUS EN SANTIAGO: SE CONFIRMARON 720 CASOS POSITIVOS EN LA PROVINCIA"},"content":{"rendered":"\n<p>Se recuperaron ciento ochenta y cinco (185) casos el d\u00eda de hoy, por lo que son treinta y dos mil ciento ochenta y nueve (32.189) los casos recuperados en la provincia<br><\/p>\n\n\n\n<p><strong>Se notificaron el d\u00eda de hoy diecisiete (17) personas fallecidas con diagn\u00f3stico de COVID-19. Un hombre de 61 a\u00f1os, del Dpto. Belgrano y una mujer de 54 a\u00f1os, del Dpto. Juan F. Ibarra, ambos internados en el Hospital Zonal A\u00f1atuya. Una mujer de 23 a\u00f1os, con antecedentes de obesidad, del Dpto. Robles y un hombre de 59 a\u00f1os, con antecedentes de obesidad, ambos internados en el Hospital Neumonol\u00f3gico. Una mujer de 53 a\u00f1os, del Dpto. Avellaneda, que estaba internada en el CIS Banda. Una mujer de 74 a\u00f1os y una mujer de 91 a\u00f1os, ambas internadas en el Hospital Independencia. Un hombre de 43 a\u00f1os, un hombre de 51 a\u00f1os, y un hombre de 84 a\u00f1os, del Dpto. Robles, internados en el Hospital Independencia. Una mujer de 91 a\u00f1os, una mujer de 67 a\u00f1os, con antecedentes de Hipertensi\u00f3n y patolog\u00eda oncol\u00f3gica y una mujer de 87 a\u00f1os, con antecedentes de Hipertensi\u00f3n, internadas en un sanatorio privado de la ciudad Capital. Un Hombre de 77 a\u00f1os, que estaba internado en un sanatorio privado de la ciudad Capital. Una mujer de 69 a\u00f1os, que estaba internada en un sanatorio privado de la ciudad Capital. Un hombre de 80 a\u00f1os, del Dpto. Juan F. Ibarra y un hombre de 83 a\u00f1os del Dpto. Banda, ambos internados en un sanatorio privado de la ciudad Capital.<\/strong><br><\/p>\n\n\n\n<p>Hay un total de quinientos cuarenta y tres (543) personas positivas fallecidas en la provincia<br><\/p>\n\n\n\n<p>Se procesaron un total de mil ochocientos sesenta y tres (1.863) muestras el d\u00eda de hoy.<br><\/p>\n\n\n\n<p><strong>Se confirmaron setecientos veinte (720) casos, Santiago Banda (362) e interior la provincia (358) distribuidos de la siguiente manera: A\u00f1atuya 15; Averias 1; Bandera 27; Bandera Bajada 3; Beltran 1; Buey Muerto 2; Campo Gallo 26; Clodomira 8; Colonia Dora 15; Colonia El Simbolar 1; Colonia San Juan 2; Colonia Tinco 1;Cuyoj 1; E l Favorito 1; El Arenal 1; El Porvenir 1; Fern\u00e1ndez 34; Forres 6; Frias 61; Guardia Escolta 2; Ica\u00f1o 1; La Ca\u00f1ada 1; La Curva 1; La Loma 1; Libertad 3; Loreto 10; Los Juries 2; Los Morales 1; Los Nu\u00f1ez 1; Los Pereyra 1; Los Telares 1; Miel de Palo 1; Mansupa 4; Monte Quemado 1; Monte Rico 1; Nueva Esperanza 16; Nuevo Libano 1; Paraje Cejolao 1; Paraje La Cuchilla 1; Pinto 5; Pozo Hondo 1; Quimili 14; Rapelli 10 ; Real Sayana 1; Rincon de Atacama 1; Selva 5 ; Sol de Julio 2; Sol de Mayo 2; Sumampa 3; Suncho Corral 9; Termas 16; Tintina 8; Tium Punco 1; Villa Robles 1; Vilmer 1; Weisburd 5; Yuchan 15<\/strong><br><\/p>\n\n\n\n<p>Permanecen activos quince mil ochocientos trece (15.813) casos en la provincia.<br><\/p>\n\n\n\n<p>EL total de casos positivos acumulados es cuarenta y siete mil setecientos veintis\u00e9is (47.726)<\/p>\n\n\n\n<p>Se descartaron mil ciento cuarenta y tres (1143) casos el d\u00eda de hoy, por lo que hay ciento cuarenta y ocho mil trescientos sesenta y seis (148366) casos descartados a la fecha. <\/p>\n\n\n\n<p><strong>Importante<\/strong>: La diferencia de casos acumulados, y difundidos en el reporte nacional, obedece a diferentes horarios de carga y a santiague\u00f1os que residen en otras provincias pero que no tienen realizado el cambio de domicilio legal en su DNI. Se ha solicitado el correspondiente pedido de reclasificaci\u00f3n de los casos excedentes cargados para nuestra provincia.<\/p>\n\n\n\n<p><strong>Recomendaciones<\/strong><\/p>\n\n\n\n<p><div><div>Se recuerda que TODAS las personas que son contacto estrecho de casos positivos que DEBEN realizar un AISLAMIENTO SANITARIO OBLIGATORIO de 14 d\u00edas, aunque no presenten s\u00edntomas e independientemente si fueron hisopados y su resultado fue no detectable (negativo).<br><\/div><\/div><\/p>\n\n\n\n<p><div><div>Durante el aislamiento sanitario las personas no pueden salir de su hogar ni recibir visitas y deben cumplir con las medidas de prevenci\u00f3n indicadas por las autoridades sanitarias.<br><\/div><\/div><\/p>\n\n\n\n<p>Ante la presencia de fiebre mayor o igual a 37,5\u00b0 y s\u00edntomas respiratorios como tos, dolor de garganta, dificultad para respirar, adem\u00e1s de falta de gusto y olfato de reciente aparici\u00f3n, y tambi\u00e9n cefalea, diarrea y\/o v\u00f3mitos o al haber estado en contacto con un caso confirmado, se insta a la poblaci\u00f3n a que haga un contacto de inmediato con el sistema de salud contact\u00e1ndose con su centro de salud m\u00e1s cercano o comunic\u00e1ndose al 107 y evite el contacto social<br><\/p>\n\n\n\n<p>Tambi\u00e9n se recuerda que se realiza el hisopado a los contactos estrechos de casos positivos que presenten s\u00edntomas o que tengan factores de riesgo (mayores de 60 a\u00f1os, embarazadas, inmunocomprometidos, enfermos oncol\u00f3gicos o dializados)<div><div> <\/div><\/div><\/p>\n\n\n\n<p>Recordemos continuar respetando las medidas de distancia f\u00edsica y lavarnos frecuentemente las manos con agua y jab\u00f3n. Si necesitamos salir usemos el barbijo correctamente sin tocarlo ni tocarnos la cara.<br><\/p>\n\n\n\n<p>Respetar todos los protocolos vigentes y las actividades permitidas, y no realizar reuniones sociales o familiares evitando contacto estrecho con personas que no sean convivientes.<br><\/p>\n","protected":false},"excerpt":{"rendered":"<p>Informe del Ministerio de Salud de la provincia de Santiago del Estero.<\/p>\n","protected":false},"author":2,"featured_media":22901,"comment_status":"open","ping_status":"open","sticky":false,"template":"","format":"standard","meta":{"om_disable_all_campaigns":false,"_monsterinsights_skip_tracking":false,"_monsterinsights_sitenote_active":false,"_monsterinsights_sitenote_note":"","_monsterinsights_sitenote_category":0,"_uf_show_specific_survey":0,"_uf_disable_surveys":false,"jetpack_post_was_ever_published":false,"_jetpack_newsletter_access":"","_jetpack_dont_email_post_to_subs":false,"_jetpack_newsletter_tier_id":0,"_jetpack_memberships_contains_paywalled_content":false,"_jetpack_memberships_contains_paid_content":false,"footnotes":"","jetpack_publicize_message":"","jetpack_publicize_feature_enabled":true,"jetpack_social_post_already_shared":false,"jetpack_social_options":{"image_generator_settings":{"template":"highway","default_image_id":0,"font":"","enabled":false},"version":2}},"categories":[3],"tags":[],"class_list":["post-22900","post","type-post","status-publish","format-standard","has-post-thumbnail","hentry","category-salud"],"aioseo_notices":[],"views":2,"jetpack_publicize_connections":[],"jetpack_featured_media_url":"https:\/\/i0.wp.com\/elterritorialweb.com.ar\/web\/wp-content\/uploads\/2021\/06\/FB_IMG_1622870503494.jpg?fit=720%2C960&ssl=1","jetpack_sharing_enabled":true,"_links":{"self":[{"href":"https:\/\/elterritorialweb.com.ar\/web\/wp-json\/wp\/v2\/posts\/22900","targetHints":{"allow":["GET"]}}],"collection":[{"href":"https:\/\/elterritorialweb.com.ar\/web\/wp-json\/wp\/v2\/posts"}],"about":[{"href":"https:\/\/elterritorialweb.com.ar\/web\/wp-json\/wp\/v2\/types\/post"}],"author":[{"embeddable":true,"href":"https:\/\/elterritorialweb.com.ar\/web\/wp-json\/wp\/v2\/users\/2"}],"replies":[{"embeddable":true,"href":"https:\/\/elterritorialweb.com.ar\/web\/wp-json\/wp\/v2\/comments?post=22900"}],"version-history":[{"count":2,"href":"https:\/\/elterritorialweb.com.ar\/web\/wp-json\/wp\/v2\/posts\/22900\/revisions"}],"predecessor-version":[{"id":22904,"href":"https:\/\/elterritorialweb.com.ar\/web\/wp-json\/wp\/v2\/posts\/22900\/revisions\/22904"}],"wp:featuredmedia":[{"embeddable":true,"href":"https:\/\/elterritorialweb.com.ar\/web\/wp-json\/wp\/v2\/media\/22901"}],"wp:attachment":[{"href":"https:\/\/elterritorialweb.com.ar\/web\/wp-json\/wp\/v2\/media?parent=22900"}],"wp:term":[{"taxonomy":"category","embeddable":true,"href":"https:\/\/elterritorialweb.com.ar\/web\/wp-json\/wp\/v2\/categories?post=22900"},{"taxonomy":"post_tag","embeddable":true,"href":"https:\/\/elterritorialweb.com.ar\/web\/wp-json\/wp\/v2\/tags?post=22900"}],"curies":[{"name":"wp","href":"https:\/\/api.w.org\/{rel}","templated":true}]}}