{"id":22905,"date":"2021-06-05T21:27:55","date_gmt":"2021-06-05T21:27:55","guid":{"rendered":"http:\/\/elterritorialweb.com.ar\/web\/?p=22905"},"modified":"2021-06-05T21:27:56","modified_gmt":"2021-06-05T21:27:56","slug":"asumio-el-nuevo-subsecretario-de-finanzas-e-ingresos-publicos-del-ministerio-de-economia-provincial","status":"publish","type":"post","link":"https:\/\/elterritorialweb.com.ar\/web\/asumio-el-nuevo-subsecretario-de-finanzas-e-ingresos-publicos-del-ministerio-de-economia-provincial\/","title":{"rendered":"ASUMI\u00d3 EL NUEVO SUBSECRETARIO DE FINANZAS E INGRESOS P\u00daBLICOS DEL MINISTERIO DE ECONOM\u00cdA PROVINCIAL"},"content":{"rendered":"\n<p>El emotivo acto se realiz\u00f3 en la torre de Econom\u00eda en el complejo Juan Felipe Ibarra en donde el Titular de la cartera econ\u00f3mica de la Provincia puso en funcionamiento al nuevo Funcionario.<\/p>\n\n\n\n<p>Una vez finalizado el juramento, El Ministro Chara le dese\u00f3 suerte al nuevo Subsecretario y destac\u00f3, el trabajo que viene realizando el Contador Gallo durante estos a\u00f1os y remarc\u00f3, \u201cvamos a trabajar en conjunto por el bien de nuestra provincia\u201d.&nbsp;<\/p>\n\n\n\n<p>En tanto, el flamante Subsecretario de Finanzas e Ingresos P\u00fablicos, Carlos Oscar Gallo agradeci\u00f3 la confianza del Gobernador, Dr. Gerardo Zamora y del Ministro de Econom\u00eda, Atilio Chara, \u201cvoy a poner todo mi empe\u00f1o y esfuerzo en esta nueva tarea que me han asignado\u201d cerr\u00f3.<\/p>\n","protected":false},"excerpt":{"rendered":"<p>El ministro de econom\u00eda, CPN. Atilio Chara tom\u00f3 juramento al nuevo Subsecretario de Finanzas e Ingresos P\u00fablicos, dependiente del Ministerio de Econom\u00eda de la Provincia, CPN. Carlos Oscar Gallo.<\/p>\n","protected":false},"author":2,"featured_media":22906,"comment_status":"open","ping_status":"open","sticky":false,"template":"","format":"standard","meta":{"om_disable_all_campaigns":false,"_monsterinsights_skip_tracking":false,"_monsterinsights_sitenote_active":false,"_monsterinsights_sitenote_note":"","_monsterinsights_sitenote_category":0,"_uf_show_specific_survey":0,"_uf_disable_surveys":false,"jetpack_post_was_ever_published":false,"_jetpack_newsletter_access":"","_jetpack_dont_email_post_to_subs":false,"_jetpack_newsletter_tier_id":0,"_jetpack_memberships_contains_paywalled_content":false,"_jetpack_memberships_contains_paid_content":false,"footnotes":"","jetpack_publicize_message":"","jetpack_publicize_feature_enabled":true,"jetpack_social_post_already_shared":false,"jetpack_social_options":{"image_generator_settings":{"template":"highway","default_image_id":0,"font":"","enabled":false},"version":2}},"categories":[2],"tags":[],"class_list":["post-22905","post","type-post","status-publish","format-standard","has-post-thumbnail","hentry","category-economia"],"aioseo_notices":[],"views":10,"jetpack_publicize_connections":[],"jetpack_featured_media_url":"https:\/\/i0.wp.com\/elterritorialweb.com.ar\/web\/wp-content\/uploads\/2021\/06\/subsecretario-.jpg?fit=2248%2C1500&ssl=1","jetpack_sharing_enabled":true,"_links":{"self":[{"href":"https:\/\/elterritorialweb.com.ar\/web\/wp-json\/wp\/v2\/posts\/22905","targetHints":{"allow":["GET"]}}],"collection":[{"href":"https:\/\/elterritorialweb.com.ar\/web\/wp-json\/wp\/v2\/posts"}],"about":[{"href":"https:\/\/elterritorialweb.com.ar\/web\/wp-json\/wp\/v2\/types\/post"}],"author":[{"embeddable":true,"href":"https:\/\/elterritorialweb.com.ar\/web\/wp-json\/wp\/v2\/users\/2"}],"replies":[{"embeddable":true,"href":"https:\/\/elterritorialweb.com.ar\/web\/wp-json\/wp\/v2\/comments?post=22905"}],"version-history":[{"count":1,"href":"https:\/\/elterritorialweb.com.ar\/web\/wp-json\/wp\/v2\/posts\/22905\/revisions"}],"predecessor-version":[{"id":22907,"href":"https:\/\/elterritorialweb.com.ar\/web\/wp-json\/wp\/v2\/posts\/22905\/revisions\/22907"}],"wp:featuredmedia":[{"embeddable":true,"href":"https:\/\/elterritorialweb.com.ar\/web\/wp-json\/wp\/v2\/media\/22906"}],"wp:attachment":[{"href":"https:\/\/elterritorialweb.com.ar\/web\/wp-json\/wp\/v2\/media?parent=22905"}],"wp:term":[{"taxonomy":"category","embeddable":true,"href":"https:\/\/elterritorialweb.com.ar\/web\/wp-json\/wp\/v2\/categories?post=22905"},{"taxonomy":"post_tag","embeddable":true,"href":"https:\/\/elterritorialweb.com.ar\/web\/wp-json\/wp\/v2\/tags?post=22905"}],"curies":[{"name":"wp","href":"https:\/\/api.w.org\/{rel}","templated":true}]}}