{"id":22908,"date":"2021-06-05T21:49:11","date_gmt":"2021-06-05T21:49:11","guid":{"rendered":"http:\/\/elterritorialweb.com.ar\/web\/?p=22908"},"modified":"2021-06-05T21:49:13","modified_gmt":"2021-06-05T21:49:13","slug":"capacitacion-sobre-abuso-sexual-infantil","status":"publish","type":"post","link":"https:\/\/elterritorialweb.com.ar\/web\/capacitacion-sobre-abuso-sexual-infantil\/","title":{"rendered":"CAPACITACI\u00d3N SOBRE ABUSO SEXUAL INFANTIL"},"content":{"rendered":"\n<p>Este encuentro, que se desarroll\u00f3 de manera virtual, estuvo destinado a\u00a0 los equipos t\u00e9cnicos que se desempe\u00f1an en los hogares de protecci\u00f3n y en la direcci\u00f3n de Ni\u00f1ez, Adolescencia y Familia de la provincia-Dinaf-. Adem\u00e1s, participaron profesionales del organismo de Ni\u00f1ez de la provincia de Tucum\u00e1n.<\/p>\n\n\n\n<p>Respecto a este espacio de formaci\u00f3n profesional, la Lic. Mariana Rold\u00e1n Su\u00e1rez, directora general de Protecci\u00f3n Integral de Ni\u00f1os, Ni\u00f1as y Adolescentes que tiene a sus cargos los tres hogares que dependen de la Subnaf, comento que \u201cla disertaci\u00f3n de la Lic. Laura Capacete nos brind\u00f3 herramientas para elaborar estrategias interdisciplinarias para abordar la problem\u00e1tica del abuso sexual y las consecuencias subjetivas del mismo en ni\u00f1as, ni\u00f1os y adolescentes que se encuentran en hogares de protecci\u00f3n. Esta tem\u00e1tica implica un fuerte desaf\u00edo en la formaci\u00f3n y el ejercicio profesional de quienes trabajan con la infancia y requiere vencer obst\u00e1culos anclados en prejuicios y\/o paradigmas anteriores\u201d.<\/p>\n\n\n\n<p>En este primer encuentro, se abord\u00f3 la conceptualizaci\u00f3n de la tem\u00e1tica del abuso sexual contra ni\u00f1os, ni\u00f1as y adolescentes, la detecci\u00f3n de la problem\u00e1tica entre otros puntos. Asimismo, Capacete gener\u00f3 un espacio de di\u00e1logo y reflexi\u00f3n con los profesionales,&nbsp; compartiendo estrategias para intervenir ante casos de abuso sexual contra chicos y chicas.<\/p>\n\n\n\n<p>Finalmente, desde la Subnaf adelantaron que en el mes de julio continuaran profundizando en la tem\u00e1tica con junto a la Lic. Capacete.<\/p>\n","protected":false},"excerpt":{"rendered":"<p>La Subsecretar\u00eda de Ni\u00f1ez, Adolescencia y Familia organiz\u00f3 el curso \u201cAbuso Sexual Infantil: detecci\u00f3n, intervenci\u00f3n y acompa\u00f1amiento a ni\u00f1as, ni\u00f1os y adolescentes que conviven en dispositivos institucionales\u201d. El mismo estuvo a cargo de Lic. Laura Capacete, psic\u00f3loga, psicoanalista, docente universitaria e investigadora en la tem\u00e1tica.<\/p>\n","protected":false},"author":2,"featured_media":22909,"comment_status":"open","ping_status":"open","sticky":false,"template":"","format":"standard","meta":{"om_disable_all_campaigns":false,"_monsterinsights_skip_tracking":false,"_monsterinsights_sitenote_active":false,"_monsterinsights_sitenote_note":"","_monsterinsights_sitenote_category":0,"_uf_show_specific_survey":0,"_uf_disable_surveys":false,"jetpack_post_was_ever_published":false,"_jetpack_newsletter_access":"","_jetpack_dont_email_post_to_subs":false,"_jetpack_newsletter_tier_id":0,"_jetpack_memberships_contains_paywalled_content":false,"_jetpack_memberships_contains_paid_content":false,"footnotes":"","jetpack_publicize_message":"","jetpack_publicize_feature_enabled":true,"jetpack_social_post_already_shared":false,"jetpack_social_options":{"image_generator_settings":{"template":"highway","default_image_id":0,"font":"","enabled":false},"version":2}},"categories":[21],"tags":[],"class_list":["post-22908","post","type-post","status-publish","format-standard","has-post-thumbnail","hentry","category-locales"],"aioseo_notices":[],"views":6,"jetpack_publicize_connections":[],"jetpack_featured_media_url":"https:\/\/i0.wp.com\/elterritorialweb.com.ar\/web\/wp-content\/uploads\/2021\/06\/capacitacion-.jpeg?fit=1280%2C576&ssl=1","jetpack_sharing_enabled":true,"_links":{"self":[{"href":"https:\/\/elterritorialweb.com.ar\/web\/wp-json\/wp\/v2\/posts\/22908","targetHints":{"allow":["GET"]}}],"collection":[{"href":"https:\/\/elterritorialweb.com.ar\/web\/wp-json\/wp\/v2\/posts"}],"about":[{"href":"https:\/\/elterritorialweb.com.ar\/web\/wp-json\/wp\/v2\/types\/post"}],"author":[{"embeddable":true,"href":"https:\/\/elterritorialweb.com.ar\/web\/wp-json\/wp\/v2\/users\/2"}],"replies":[{"embeddable":true,"href":"https:\/\/elterritorialweb.com.ar\/web\/wp-json\/wp\/v2\/comments?post=22908"}],"version-history":[{"count":1,"href":"https:\/\/elterritorialweb.com.ar\/web\/wp-json\/wp\/v2\/posts\/22908\/revisions"}],"predecessor-version":[{"id":22910,"href":"https:\/\/elterritorialweb.com.ar\/web\/wp-json\/wp\/v2\/posts\/22908\/revisions\/22910"}],"wp:featuredmedia":[{"embeddable":true,"href":"https:\/\/elterritorialweb.com.ar\/web\/wp-json\/wp\/v2\/media\/22909"}],"wp:attachment":[{"href":"https:\/\/elterritorialweb.com.ar\/web\/wp-json\/wp\/v2\/media?parent=22908"}],"wp:term":[{"taxonomy":"category","embeddable":true,"href":"https:\/\/elterritorialweb.com.ar\/web\/wp-json\/wp\/v2\/categories?post=22908"},{"taxonomy":"post_tag","embeddable":true,"href":"https:\/\/elterritorialweb.com.ar\/web\/wp-json\/wp\/v2\/tags?post=22908"}],"curies":[{"name":"wp","href":"https:\/\/api.w.org\/{rel}","templated":true}]}}