{"id":22911,"date":"2021-06-05T22:21:31","date_gmt":"2021-06-05T22:21:31","guid":{"rendered":"http:\/\/elterritorialweb.com.ar\/web\/?p=22911"},"modified":"2021-06-05T23:27:16","modified_gmt":"2021-06-05T23:27:16","slug":"dia-mundial-del-medio-ambiente-reimaginar-recrear-restaurar","status":"publish","type":"post","link":"https:\/\/elterritorialweb.com.ar\/web\/dia-mundial-del-medio-ambiente-reimaginar-recrear-restaurar\/","title":{"rendered":"D\u00cdA MUNDIAL DEL MEDIO AMBIENTE: \u00abREIMAGINAR, RECREAR, RESTAURAR\u00bb"},"content":{"rendered":"\n<p>El lema de este a\u00f1o es&nbsp;\u00abReimaginar, recrear, restaurar\u00bb: la propuesta pone foco en la restauraci\u00f3n porque se pierden 10 millones de hect\u00e1reas de bosques cada a\u00f1o, y busca detener y revertir los da\u00f1os.<\/p>\n\n\n\n<p>A partir de este s\u00e1bado comienza el&nbsp;Decenio de las Naciones Unidas sobre la Restauraci\u00f3n de los Ecosistemas: un llamado a proteger y recuperar los ecosistemas a escala mundial, en beneficio de la humanidad y la naturaleza. El objetivo principal es terminar con &nbsp;la degradaci\u00f3n de los ecosistemas y restaurarlos porque es la \u00fanica forma de mejorar los medios de subsistencia de las personas, contrarrestar el cambio clim\u00e1tico y detener la p\u00e9rdida de la biodiversidad.<\/p>\n\n\n\n<p>El Decenio de las Naciones Unidas se extiende de 2021 a 2030, a\u00f1o en el que tambi\u00e9n concluyen los Objetivos de Desarrollo Sostenible; este es el plazo l\u00edmite que, seg\u00fan los expertos, representa&nbsp;la \u00faltima oportunidad de prevenir un cambio clim\u00e1tico catastr\u00f3fico.<\/p>\n\n\n\n<p><strong>Las 3 R de la ecolog\u00eda: reducir, reutilizar y reciclar<\/strong><\/p>\n\n\n\n<p><strong>Reducir<\/strong>&nbsp;es lo ideal. Lo mejor que podemos hacer es evitar la generaci\u00f3n de residuos o seguir acumulando cosas que no necesitamos. Si no \u201cgeneramos\u201d no hay nada para reciclar, tirar o contaminar. El objetivo es disminuir el gasto de energ\u00eda, materia prima y otros recursos.<\/p>\n\n\n\n<p><strong>Reutilizar<\/strong>&nbsp;es darle m\u00e1s usos a un producto y exprimir al m\u00e1ximo su utilidad. En lugar de desecharlo (ya sea a la basura o para reciclar), le damos una nueva vida y de esa forma aprovechamos al m\u00e1ximo el producto y valoramos los recursos que se emplearon para crearlo.&nbsp;<\/p>\n\n\n\n<p>\u00bfQu\u00e9 podemos hacer? usar envases pl\u00e1sticos de comida como tuppers, frascos para decorar, envases de cosm\u00e9ticos para guardar cosas, botellas pl\u00e1sticas para llevar agua, arreglar las cosas que se rompen en lugar de tirarlas y comprar algo nuevo.<\/p>\n\n\n\n<p><strong>Reciclar.<\/strong>&nbsp;El reciclaje es una soluci\u00f3n a medias porque necesita de recursos para completar el ciclo.&nbsp;Intervienen traslados, espacios de almacenamiento y plantas de tratamiento, pero tambi\u00e9n es un espacio de trabajo para muchas personas y hay un gran ahorro de recursos si lo comparamos con cualquier otro proceso de producci\u00f3n.<\/p>\n\n\n\n<h3 class=\"wp-block-heading\"><strong>SANTIGO DEL ESTERO<\/strong><\/h3>\n\n\n\n<p>En <strong>Santiago del Estero<\/strong>, a trav\u00e9s de <strong>programas gubernamentales, instituciones escolares y privadas<\/strong>, tratan de concientizar a las personas a cuidar el medio ambiente para Manejar en forma sostenible los recursos naturales, renovables y no renovables, con la generaci\u00f3n y establecimiento de modelos apropiados de uso, que permitan consolidar las \u00e1reas de ocupaci\u00f3n actual, restringir los asentamientos futuros y evitar la degradaci\u00f3n del&nbsp;mismo.<\/p>\n\n\n\n<p>En este sentidos diferentes instituciones educativas santiague\u00f1as, se sumaron a las actividades de concientizaci\u00f3n y promoci\u00f3n del cuidado del medio ambiente.<\/p>\n\n\n\n<p><\/p>\n\n\n\n<p><\/p>\n\n\n\n<figure class=\"wp-block-embed is-type-video is-provider-youtube wp-block-embed-youtube wp-embed-aspect-4-3 wp-has-aspect-ratio\"><div class=\"wp-block-embed__wrapper\">\n<iframe title=\"D\u00eda Mundial del Medio Ambiente\" width=\"640\" height=\"480\" data-src=\"https:\/\/www.youtube.com\/embed\/BeBEpws7f-A?start=33&#038;feature=oembed\" frameborder=\"0\" allow=\"accelerometer; autoplay; clipboard-write; encrypted-media; gyroscope; picture-in-picture; web-share\" referrerpolicy=\"strict-origin-when-cross-origin\" allowfullscreen src=\"data:image\/svg+xml;base64,PHN2ZyB3aWR0aD0iMSIgaGVpZ2h0PSIxIiB4bWxucz0iaHR0cDovL3d3dy53My5vcmcvMjAwMC9zdmciPjwvc3ZnPg==\" class=\"lazyload\" data-load-mode=\"1\"><\/iframe>\n<\/div><figcaption><strong>JARD\u00cdN DE INFANTES N\u00b0 146 \u00abLOS CHANGUITOS\u00bb DEL PUESTITO DE SAN ANTONIO <\/strong><\/figcaption><\/figure>\n\n\n\n<p><\/p>\n\n\n\n<p><\/p>\n\n\n\n<figure class=\"wp-block-embed is-type-video is-provider-youtube wp-block-embed-youtube wp-embed-aspect-16-9 wp-has-aspect-ratio\"><div class=\"wp-block-embed__wrapper\">\n<iframe title=\"D\u00eda del Medio Ambiente\" width=\"640\" height=\"360\" data-src=\"https:\/\/www.youtube.com\/embed\/nkJl903Ps_w?feature=oembed\" frameborder=\"0\" allow=\"accelerometer; autoplay; clipboard-write; encrypted-media; gyroscope; picture-in-picture; web-share\" referrerpolicy=\"strict-origin-when-cross-origin\" allowfullscreen src=\"data:image\/svg+xml;base64,PHN2ZyB3aWR0aD0iMSIgaGVpZ2h0PSIxIiB4bWxucz0iaHR0cDovL3d3dy53My5vcmcvMjAwMC9zdmciPjwvc3ZnPg==\" class=\"lazyload\" data-load-mode=\"1\"><\/iframe>\n<\/div><figcaption><strong>JARD\u00cdN DE INFANTES N\u00b0 893 DE TERMAS DE R\u00cdO HONDO<\/strong><\/figcaption><\/figure>\n\n\n\n<iframe data-src=\"https:\/\/www.facebook.com\/plugins\/video.php?height=314&#038;href=https%3A%2F%2Fwww.facebook.com%2F264403147583987%2Fvideos%2F4143648799025642%2F&#038;show_text=false&#038;width=560&#038;t=0\" width=\"560\" height=\"314\" style=\"border:none;overflow:hidden\" scrolling=\"no\" frameborder=\"0\" allowfullscreen=\"true\" allow=\"autoplay; clipboard-write; encrypted-media; picture-in-picture; web-share\" allowFullScreen=\"true\" src=\"data:image\/svg+xml;base64,PHN2ZyB3aWR0aD0iMSIgaGVpZ2h0PSIxIiB4bWxucz0iaHR0cDovL3d3dy53My5vcmcvMjAwMC9zdmciPjwvc3ZnPg==\" class=\"lazyload\" data-load-mode=\"1\"><\/iframe>\n","protected":false},"excerpt":{"rendered":"<p>Desde 1974, el 5 de junio se conmemora el D\u00eda Mundial del Medio Ambiente, fecha establecida por la Asamblea General de Naciones Unidas con el fin de promover un momento de inflexi\u00f3n en el desarrollo de la pol\u00edtica internacional con respecto a la problem\u00e1tica ambiental.<\/p>\n","protected":false},"author":2,"featured_media":22912,"comment_status":"open","ping_status":"open","sticky":false,"template":"","format":"standard","meta":{"om_disable_all_campaigns":false,"_monsterinsights_skip_tracking":false,"_monsterinsights_sitenote_active":false,"_monsterinsights_sitenote_note":"","_monsterinsights_sitenote_category":0,"_uf_show_specific_survey":0,"_uf_disable_surveys":false,"jetpack_post_was_ever_published":false,"_jetpack_newsletter_access":"","_jetpack_dont_email_post_to_subs":false,"_jetpack_newsletter_tier_id":0,"_jetpack_memberships_contains_paywalled_content":false,"_jetpack_memberships_contains_paid_content":false,"footnotes":"","jetpack_publicize_message":"","jetpack_publicize_feature_enabled":true,"jetpack_social_post_already_shared":false,"jetpack_social_options":{"image_generator_settings":{"template":"highway","default_image_id":0,"font":"","enabled":false},"version":2}},"categories":[10],"tags":[],"class_list":["post-22911","post","type-post","status-publish","format-standard","has-post-thumbnail","hentry","category-internacionales"],"aioseo_notices":[],"views":7,"jetpack_publicize_connections":[],"jetpack_featured_media_url":"https:\/\/i0.wp.com\/elterritorialweb.com.ar\/web\/wp-content\/uploads\/2021\/06\/MEDIO-AMBIENTE.jpg?fit=600%2C360&ssl=1","jetpack_sharing_enabled":true,"_links":{"self":[{"href":"https:\/\/elterritorialweb.com.ar\/web\/wp-json\/wp\/v2\/posts\/22911","targetHints":{"allow":["GET"]}}],"collection":[{"href":"https:\/\/elterritorialweb.com.ar\/web\/wp-json\/wp\/v2\/posts"}],"about":[{"href":"https:\/\/elterritorialweb.com.ar\/web\/wp-json\/wp\/v2\/types\/post"}],"author":[{"embeddable":true,"href":"https:\/\/elterritorialweb.com.ar\/web\/wp-json\/wp\/v2\/users\/2"}],"replies":[{"embeddable":true,"href":"https:\/\/elterritorialweb.com.ar\/web\/wp-json\/wp\/v2\/comments?post=22911"}],"version-history":[{"count":5,"href":"https:\/\/elterritorialweb.com.ar\/web\/wp-json\/wp\/v2\/posts\/22911\/revisions"}],"predecessor-version":[{"id":22924,"href":"https:\/\/elterritorialweb.com.ar\/web\/wp-json\/wp\/v2\/posts\/22911\/revisions\/22924"}],"wp:featuredmedia":[{"embeddable":true,"href":"https:\/\/elterritorialweb.com.ar\/web\/wp-json\/wp\/v2\/media\/22912"}],"wp:attachment":[{"href":"https:\/\/elterritorialweb.com.ar\/web\/wp-json\/wp\/v2\/media?parent=22911"}],"wp:term":[{"taxonomy":"category","embeddable":true,"href":"https:\/\/elterritorialweb.com.ar\/web\/wp-json\/wp\/v2\/categories?post=22911"},{"taxonomy":"post_tag","embeddable":true,"href":"https:\/\/elterritorialweb.com.ar\/web\/wp-json\/wp\/v2\/tags?post=22911"}],"curies":[{"name":"wp","href":"https:\/\/api.w.org\/{rel}","templated":true}]}}