{"id":22925,"date":"2021-06-06T00:57:59","date_gmt":"2021-06-06T00:57:59","guid":{"rendered":"http:\/\/elterritorialweb.com.ar\/web\/?p=22925"},"modified":"2021-06-06T01:01:58","modified_gmt":"2021-06-06T01:01:58","slug":"fuentes-destaco-la-tarea-de-calidad-de-vida-han-sido-parte-importante-de-esta-gran-familia-municipal","status":"publish","type":"post","link":"https:\/\/elterritorialweb.com.ar\/web\/fuentes-destaco-la-tarea-de-calidad-de-vida-han-sido-parte-importante-de-esta-gran-familia-municipal\/","title":{"rendered":"FUENTES DESTAC\u00d3 LA TAREA DE CALIDAD DE VIDA: \u00abHAN SIDO PARTE IMPORTANTE DE ESTA GRAN FAMILIA MUNICIPAL\u00bb"},"content":{"rendered":"\n<p>En la visita, previo a la salida de los trabajadores a cumplir con sus tareas del d\u00eda s\u00e1bado, la jefa comunal, junto a funcionarios de su gabinete, fue recibida por el director y subdirector de la repartici\u00f3n, Rub\u00e9n Ver\u00f3n y Daniel Carabajal. <\/p>\n\n\n\n<p>La intendente dijo que de manera personal les quer\u00eda transmitir su saludo y felicitaciones por el esfuerzo dirigido al cuidado de los vecinos en medio de una situaci\u00f3n impensada. Destac\u00f3 la labor realizada en cuanto sanitizaci\u00f3n de espacios p\u00fablicos y privados y el cumplimiento de las medidas preventivas sanitarias que ayudan a disminuir la propagaci\u00f3n de Covid-19. <\/p>\n\n\n\n<p>A su vez, la titular del Departamento Ejecutivo municipal hizo menci\u00f3n a los compa\u00f1eros municipales que ya no est\u00e1n y a quienes hay que \u201crecordarlos desde el compromiso laboral y personal y que han sido parte importante de esta gran familia municipal\u201d. Tambi\u00e9n en nombre de los vecinos de la ciudad agradeci\u00f3 la gran tarea que llevan a diario para mantener la salubridad de la ciudad. \u201cCuando las cosas se hacen con la camiseta y el coraz\u00f3n puesto en este sentimiento municipal el resultado se nota\u201d, remarc\u00f3.<\/p>\n\n\n\n<p>Es importante destacar que la semana entrante contin\u00faa la vacunaci\u00f3n a los distintos grupos etarios, tal como lo inform\u00f3 el Gobierno de la Provincia y es un dato muy importante porque se va cubriendo las franja donde se encuentra la mayor cantidad de empleados en esta direcci\u00f3n A su turno, el director de Calidad de Vida, Rub\u00e9n Ver\u00f3n, dijo: \u201cAgradecemos a la Intendente Fuentes por el acompa\u00f1amiento constante hacia el trabajo diario de esta direcci\u00f3n que fue creada para la preservaci\u00f3n del medio ambiente y que desde el a\u00f1o pasado asume un enorme compromiso con actual situaci\u00f3n de pandemia con un trabajo permanente\u201d.<\/p>\n","protected":false},"excerpt":{"rendered":"<p>Al cumplirse 26 a\u00f1os de la Direcci\u00f3n de Calidad de Vida de la Capital, la intendente, Ing. Norma Fuentes, concurri\u00f3 a la sede de la repartici\u00f3n para entregar una placa de reconocimiento a los empleados por su desempe\u00f1o en este contexto de la pandemia del Covid &#8211; 19.<\/p>\n","protected":false},"author":2,"featured_media":22926,"comment_status":"open","ping_status":"open","sticky":false,"template":"","format":"standard","meta":{"om_disable_all_campaigns":false,"_monsterinsights_skip_tracking":false,"_monsterinsights_sitenote_active":false,"_monsterinsights_sitenote_note":"","_monsterinsights_sitenote_category":0,"_uf_show_specific_survey":0,"_uf_disable_surveys":false,"jetpack_post_was_ever_published":false,"_jetpack_newsletter_access":"","_jetpack_dont_email_post_to_subs":false,"_jetpack_newsletter_tier_id":0,"_jetpack_memberships_contains_paywalled_content":false,"_jetpack_memberships_contains_paid_content":false,"footnotes":"","jetpack_publicize_message":"","jetpack_publicize_feature_enabled":true,"jetpack_social_post_already_shared":false,"jetpack_social_options":{"image_generator_settings":{"template":"highway","default_image_id":0,"font":"","enabled":false},"version":2}},"categories":[21],"tags":[],"class_list":["post-22925","post","type-post","status-publish","format-standard","has-post-thumbnail","hentry","category-locales"],"aioseo_notices":[],"views":6,"jetpack_publicize_connections":[],"jetpack_featured_media_url":"https:\/\/i0.wp.com\/elterritorialweb.com.ar\/web\/wp-content\/uploads\/2021\/06\/MUNI-CALIDAD-DE-VIDA.jpg?fit=1124%2C750&ssl=1","jetpack_sharing_enabled":true,"_links":{"self":[{"href":"https:\/\/elterritorialweb.com.ar\/web\/wp-json\/wp\/v2\/posts\/22925","targetHints":{"allow":["GET"]}}],"collection":[{"href":"https:\/\/elterritorialweb.com.ar\/web\/wp-json\/wp\/v2\/posts"}],"about":[{"href":"https:\/\/elterritorialweb.com.ar\/web\/wp-json\/wp\/v2\/types\/post"}],"author":[{"embeddable":true,"href":"https:\/\/elterritorialweb.com.ar\/web\/wp-json\/wp\/v2\/users\/2"}],"replies":[{"embeddable":true,"href":"https:\/\/elterritorialweb.com.ar\/web\/wp-json\/wp\/v2\/comments?post=22925"}],"version-history":[{"count":2,"href":"https:\/\/elterritorialweb.com.ar\/web\/wp-json\/wp\/v2\/posts\/22925\/revisions"}],"predecessor-version":[{"id":22929,"href":"https:\/\/elterritorialweb.com.ar\/web\/wp-json\/wp\/v2\/posts\/22925\/revisions\/22929"}],"wp:featuredmedia":[{"embeddable":true,"href":"https:\/\/elterritorialweb.com.ar\/web\/wp-json\/wp\/v2\/media\/22926"}],"wp:attachment":[{"href":"https:\/\/elterritorialweb.com.ar\/web\/wp-json\/wp\/v2\/media?parent=22925"}],"wp:term":[{"taxonomy":"category","embeddable":true,"href":"https:\/\/elterritorialweb.com.ar\/web\/wp-json\/wp\/v2\/categories?post=22925"},{"taxonomy":"post_tag","embeddable":true,"href":"https:\/\/elterritorialweb.com.ar\/web\/wp-json\/wp\/v2\/tags?post=22925"}],"curies":[{"name":"wp","href":"https:\/\/api.w.org\/{rel}","templated":true}]}}