{"id":22930,"date":"2021-06-06T01:10:03","date_gmt":"2021-06-06T01:10:03","guid":{"rendered":"http:\/\/elterritorialweb.com.ar\/web\/?p=22930"},"modified":"2021-06-06T01:10:05","modified_gmt":"2021-06-06T01:10:05","slug":"en-frias-continuan-con-el-plan-de-mejoramiento-de-calles-de-la-ciudad","status":"publish","type":"post","link":"https:\/\/elterritorialweb.com.ar\/web\/en-frias-continuan-con-el-plan-de-mejoramiento-de-calles-de-la-ciudad\/","title":{"rendered":"EN FR\u00cdAS CONTIN\u00daAN CON EL PLAN DE MEJORAMIENTO DE CALLES DE LA CIUDAD"},"content":{"rendered":"\n<p>En el marco del Plan de Mejoramientos de las calles de la ciudad contin\u00faan con el trabajo de reparaci\u00f3n de la calle Moreno entre Las Heras y Pellegrini de la ciudad de la \u00abAmistad\u00bb.<\/p>\n\n\n\n<p>Junto al Consejo Provincial de Vialidad de la Provincia, la Secretar\u00eda de Obras y Servicios P\u00fablicos se lleva a cabo los arreglos con material asf\u00e1ltico y las tareas continuar\u00e1n en el sector de avenidas Primero de Mayo y Espa\u00f1a.<\/p>\n","protected":false},"excerpt":{"rendered":"<p>Municipalidad de Fr\u00edas.<\/p>\n","protected":false},"author":2,"featured_media":22931,"comment_status":"open","ping_status":"open","sticky":false,"template":"","format":"standard","meta":{"om_disable_all_campaigns":false,"_monsterinsights_skip_tracking":false,"_monsterinsights_sitenote_active":false,"_monsterinsights_sitenote_note":"","_monsterinsights_sitenote_category":0,"_uf_show_specific_survey":0,"_uf_disable_surveys":false,"jetpack_post_was_ever_published":false,"_jetpack_newsletter_access":"","_jetpack_dont_email_post_to_subs":false,"_jetpack_newsletter_tier_id":0,"_jetpack_memberships_contains_paywalled_content":false,"_jetpack_memberships_contains_paid_content":false,"footnotes":"","jetpack_publicize_message":"","jetpack_publicize_feature_enabled":true,"jetpack_social_post_already_shared":false,"jetpack_social_options":{"image_generator_settings":{"template":"highway","default_image_id":0,"font":"","enabled":false},"version":2}},"categories":[21],"tags":[],"class_list":["post-22930","post","type-post","status-publish","format-standard","has-post-thumbnail","hentry","category-locales"],"aioseo_notices":[],"views":8,"jetpack_publicize_connections":[],"jetpack_featured_media_url":"https:\/\/i0.wp.com\/elterritorialweb.com.ar\/web\/wp-content\/uploads\/2021\/06\/frias-arregos-de-calles.jpg?fit=901%2C600&ssl=1","jetpack_sharing_enabled":true,"_links":{"self":[{"href":"https:\/\/elterritorialweb.com.ar\/web\/wp-json\/wp\/v2\/posts\/22930","targetHints":{"allow":["GET"]}}],"collection":[{"href":"https:\/\/elterritorialweb.com.ar\/web\/wp-json\/wp\/v2\/posts"}],"about":[{"href":"https:\/\/elterritorialweb.com.ar\/web\/wp-json\/wp\/v2\/types\/post"}],"author":[{"embeddable":true,"href":"https:\/\/elterritorialweb.com.ar\/web\/wp-json\/wp\/v2\/users\/2"}],"replies":[{"embeddable":true,"href":"https:\/\/elterritorialweb.com.ar\/web\/wp-json\/wp\/v2\/comments?post=22930"}],"version-history":[{"count":1,"href":"https:\/\/elterritorialweb.com.ar\/web\/wp-json\/wp\/v2\/posts\/22930\/revisions"}],"predecessor-version":[{"id":22932,"href":"https:\/\/elterritorialweb.com.ar\/web\/wp-json\/wp\/v2\/posts\/22930\/revisions\/22932"}],"wp:featuredmedia":[{"embeddable":true,"href":"https:\/\/elterritorialweb.com.ar\/web\/wp-json\/wp\/v2\/media\/22931"}],"wp:attachment":[{"href":"https:\/\/elterritorialweb.com.ar\/web\/wp-json\/wp\/v2\/media?parent=22930"}],"wp:term":[{"taxonomy":"category","embeddable":true,"href":"https:\/\/elterritorialweb.com.ar\/web\/wp-json\/wp\/v2\/categories?post=22930"},{"taxonomy":"post_tag","embeddable":true,"href":"https:\/\/elterritorialweb.com.ar\/web\/wp-json\/wp\/v2\/tags?post=22930"}],"curies":[{"name":"wp","href":"https:\/\/api.w.org\/{rel}","templated":true}]}}