{"id":22934,"date":"2021-06-06T01:37:31","date_gmt":"2021-06-06T01:37:31","guid":{"rendered":"http:\/\/elterritorialweb.com.ar\/web\/?p=22934"},"modified":"2021-06-06T01:37:33","modified_gmt":"2021-06-06T01:37:33","slug":"se-realizo-un-importante-encuentro-academico-en-los-200-aniversario-del-pacto-de-vinara","status":"publish","type":"post","link":"https:\/\/elterritorialweb.com.ar\/web\/se-realizo-un-importante-encuentro-academico-en-los-200-aniversario-del-pacto-de-vinara\/","title":{"rendered":"SE REALIZ\u00d3 UN IMPORTANTE ENCUENTRO ACAD\u00c9MICO EN LOS 200\u00b0 ANIVERSARIO DEL PACTO DE VINAR\u00c1"},"content":{"rendered":"\n<p>Como parte de los actos oficiales organizados, de manera virtual, por la <strong>conmemoraci\u00f3n del 200\u00b0 Aniversario de la Firma del Pacto de Vinar\u00e1,<\/strong> se realiz\u00f3 de forma remota una mesa panel acad\u00e9mica denominada <strong>\u00abLas Autonom\u00edas y el Federalismo desde el Bicentenario del Pacto de Vinar\u00e1\u00bb.<\/strong><\/p>\n\n\n\n<p>El primer mandatario provincial expres\u00f3 que <em>\u00abel Tratado de Paz y Amistad, puso fin al conflicto con Tucum\u00e1n y consolid\u00f3 definitivamente la Autonom\u00eda de la Provincia de Santiago del Estero, declarada en 1820 por Juan Felipe Ibarra y que fue el resultado de una lucha de hombres precursores como Borges\u201d<\/em>. Agreg\u00f3: <em>\u00abEs un hecho trascendente que marca el rumbo del federalismo argentino en la conformaci\u00f3n definitiva de nuestro pa\u00eds y, por ello, es uno de los pactos preexistentes que se mencionan en la Constituci\u00f3n Nacional\u00bb<\/em>. \u201c<em>No podemos estar ah\u00ed, en Vinar\u00e1, en forma presencial como quisi\u00e9ramos. Es tiempo de cuidarnos y eso es lo que no toca en este momento. Ya llegar\u00e1 el momento de abrazarnos y de reunirnos. Env\u00edo un afectuoso saludo a todo el pueblo de Vinar\u00e1 y en ellos a todos mis comprovincianos en este fecha hist\u00f3rica para los santiague\u00f1os\u201d<\/em>, finaliz\u00f3 el Dr. Gerardo Zamora.<\/p>\n\n\n\n<p>Por su parte, el Vicegobernador se\u00f1al\u00f3 que \u201cel Pacto de Vinar\u00e1 ratifica lo que Santiago es hoy: un pueblo libre y soberano, que reafirma los principios de autonom\u00eda y federalismo que vive nuestra provincia. Remarc\u00f3: \u201cEs el propio gobernador de la provincia, Dr. Gerardo Zamora, uno de los principales defensores de las autonom\u00edas provinciales y del federalismo, ya que en sus distintas responsabilidades en la vida p\u00fablica mantuvo siempre en alto estos principios\u201d.<\/p>\n\n\n\n<p>Del encuentro, que fue uno de los actos virtuales organizados para recordar la r\u00fabrica del Tratado de Paz y Amistad entre Santiago del Estero y Tucum\u00e1n celebrado el 5 de junio de 1821, participaron, entre otros, el rector de la UNSE, Ing. H\u00e9ctor Paz y el director de Patrimonio Cultural de la provincia, Alejandro Yocca. Los disertantes de la mesa panel fueron: Dra. Susana Ponce Faila (\u201cEl Federalismo y los pactos preexistentes\u201d); Prof. Fernando Palavecino (\u201cLa uni\u00f3n hermanable y eterna del pacto de Vinara\u201d) y Lic. Alejandro Yocca (\u201cIntereses, sectores econ\u00f3micos y pol\u00edtica en los conflictos y las negociaciones interprovinciales en el NOA poscolonial\u201d).<a href=\"https:\/\/www.facebook.com\/subsecretariadeprensasde\/photos\/pcb.3845350165594126\/3845349992260810\/?__cft__[0]=AZXZbqY4l5JuzytH9DrAVxXtdlkVze4wKIcuEzd5HyKyqm-1gHl_2Nn78gG22I-SmvvvVbCuDw0FosWpplw467zKQ9KvqTCWbVyIdPXKE60GaqIZuc8anpky8rUR9lqC_d_ZkMq-gKhJoyyHAvpRCmbB&amp;__tn__=*bH-R\"><\/a><a href=\"https:\/\/www.facebook.com\/subsecretariadeprensasde\/photos\/pcb.3845350165594126\/3845350102260799\/?__cft__[0]=AZXZbqY4l5JuzytH9DrAVxXtdlkVze4wKIcuEzd5HyKyqm-1gHl_2Nn78gG22I-SmvvvVbCuDw0FosWpplw467zKQ9KvqTCWbVyIdPXKE60GaqIZuc8anpky8rUR9lqC_d_ZkMq-gKhJoyyHAvpRCmbB&amp;__tn__=*bH-R\"><\/a><\/p>\n","protected":false},"excerpt":{"rendered":"<p>Del encuentro acad\u00e9mico, participaron el gobernador de la provincia, Dr. Gerardo Zamora, el vicegobernador Dr. Carlos Silva Neder, la comisionada municipal de Vinar\u00e1, Patricia D\u00e9cima, entre otros. <\/p>\n","protected":false},"author":2,"featured_media":22935,"comment_status":"open","ping_status":"open","sticky":false,"template":"","format":"standard","meta":{"om_disable_all_campaigns":false,"_monsterinsights_skip_tracking":false,"_monsterinsights_sitenote_active":false,"_monsterinsights_sitenote_note":"","_monsterinsights_sitenote_category":0,"_uf_show_specific_survey":0,"_uf_disable_surveys":false,"jetpack_post_was_ever_published":false,"_jetpack_newsletter_access":"","_jetpack_dont_email_post_to_subs":false,"_jetpack_newsletter_tier_id":0,"_jetpack_memberships_contains_paywalled_content":false,"_jetpack_memberships_contains_paid_content":false,"footnotes":"","jetpack_publicize_message":"","jetpack_publicize_feature_enabled":true,"jetpack_social_post_already_shared":false,"jetpack_social_options":{"image_generator_settings":{"template":"highway","default_image_id":0,"font":"","enabled":false},"version":2}},"categories":[21],"tags":[],"class_list":["post-22934","post","type-post","status-publish","format-standard","has-post-thumbnail","hentry","category-locales"],"aioseo_notices":[],"views":11,"jetpack_publicize_connections":[],"jetpack_featured_media_url":"https:\/\/i0.wp.com\/elterritorialweb.com.ar\/web\/wp-content\/uploads\/2021\/06\/PACTO-DE-VINARA.jpg?fit=600%2C350&ssl=1","jetpack_sharing_enabled":true,"_links":{"self":[{"href":"https:\/\/elterritorialweb.com.ar\/web\/wp-json\/wp\/v2\/posts\/22934","targetHints":{"allow":["GET"]}}],"collection":[{"href":"https:\/\/elterritorialweb.com.ar\/web\/wp-json\/wp\/v2\/posts"}],"about":[{"href":"https:\/\/elterritorialweb.com.ar\/web\/wp-json\/wp\/v2\/types\/post"}],"author":[{"embeddable":true,"href":"https:\/\/elterritorialweb.com.ar\/web\/wp-json\/wp\/v2\/users\/2"}],"replies":[{"embeddable":true,"href":"https:\/\/elterritorialweb.com.ar\/web\/wp-json\/wp\/v2\/comments?post=22934"}],"version-history":[{"count":1,"href":"https:\/\/elterritorialweb.com.ar\/web\/wp-json\/wp\/v2\/posts\/22934\/revisions"}],"predecessor-version":[{"id":22936,"href":"https:\/\/elterritorialweb.com.ar\/web\/wp-json\/wp\/v2\/posts\/22934\/revisions\/22936"}],"wp:featuredmedia":[{"embeddable":true,"href":"https:\/\/elterritorialweb.com.ar\/web\/wp-json\/wp\/v2\/media\/22935"}],"wp:attachment":[{"href":"https:\/\/elterritorialweb.com.ar\/web\/wp-json\/wp\/v2\/media?parent=22934"}],"wp:term":[{"taxonomy":"category","embeddable":true,"href":"https:\/\/elterritorialweb.com.ar\/web\/wp-json\/wp\/v2\/categories?post=22934"},{"taxonomy":"post_tag","embeddable":true,"href":"https:\/\/elterritorialweb.com.ar\/web\/wp-json\/wp\/v2\/tags?post=22934"}],"curies":[{"name":"wp","href":"https:\/\/api.w.org\/{rel}","templated":true}]}}