{"id":22937,"date":"2021-06-06T01:48:55","date_gmt":"2021-06-06T01:48:55","guid":{"rendered":"http:\/\/elterritorialweb.com.ar\/web\/?p=22937"},"modified":"2021-06-06T01:50:30","modified_gmt":"2021-06-06T01:50:30","slug":"tras-ultimos-reportes-sanitarios-aislan-las-localidades-de-yuchan-matara-y-melero","status":"publish","type":"post","link":"https:\/\/elterritorialweb.com.ar\/web\/tras-ultimos-reportes-sanitarios-aislan-las-localidades-de-yuchan-matara-y-melero\/","title":{"rendered":"TRAS \u00daLTIMOS REPORTES SANITARIOS, AISLAN LAS LOCALIDADES DE YUCH\u00c1N, MATAR\u00c1 Y MELERO"},"content":{"rendered":"\n<p>El gobernador de la provincia&nbsp;<strong>Gerardo Zamora&nbsp;<\/strong>inform\u00f3 que debido a los informes sanitarios&nbsp;<strong>se decidi\u00f3 aislar las localidades de Yuch\u00e1n, Matar\u00e1 y Melero del departamento Juan Felipe Ibarra con el fin de evitar la propagaci\u00f3n de casos activos de coronavirus.<\/strong><\/p>\n\n\n\n<p>El mandatario provincial lo inform\u00f3 a trav\u00e9s de sus redes sociales \u00abDe acuerdo a los \u00faltimos resultados epidemiol\u00f3gicos, que se vienen produciendo, y a fin de evitar mayor propagaci\u00f3n del Covid 19,\u00a0<strong>se aislar\u00e1n las localidades de Yuchan, Matar\u00e1 y Melero, para lo cual se realizar\u00e1 un desplazamiento de efectivos policiales<\/strong>, que colaboraran con los controles preventivos y el sistema de salud, que desarrollar\u00e1n una intensa tarea en esos lugares, durante los pr\u00f3ximos d\u00edas\u00bb, indic\u00f3.<\/p>\n\n\n\n<p>Asimismo extendi\u00f3 un pedido a todos los vecinos: \u00abPedimos la comprensi\u00f3n y colaboraci\u00f3n de esas comunidades, a los fines de&nbsp;<strong>poder detener lo m\u00e1s r\u00e1pidamente posible la propagaci\u00f3n del virus, y con ello la medida tomada; la que empezar\u00e1 a regir a partir de las 6 de este Domingo 6 de Junio<\/strong>\u00ab.<\/p>\n\n\n\n<p>Por \u00faltimo explic\u00f3 que las \u00ablas personas que se encuentran con resultado de laboratorio como positivos de Covid, junto con los sospechosos por haber tenido contacto estrecho alg\u00fan positivo y aquellos con s\u00edntomas compatibles con el coronavirus, deben mantener aislamiento obligatorio en sus domicilios\u00bb, remarcando que&nbsp;<strong>\u00abel incumpliendo de esa medida preventiva, constituye un grave delito previsto en el C\u00f3digo Penal\u00bb.<\/strong><\/p>\n\n\n\n<p><strong>Levantan el aislamiento en Pampa de los Guanacos<\/strong><\/p>\n\n\n\n<p>El gobernador tambi\u00e9n inform\u00f3 que habi\u00e9ndose cumplido los controles epidemiol\u00f3gicos necesarios en las localidades de Pampa de Los Guanacos y el 49, se ha dispuesto levantar la medida de aislamiento a partir de este S\u00e1bado 5 a las 24 hs.<\/p>\n\n\n\n<p>Con respecto a la localidad de Rapelli, y conforme a su situaci\u00f3n epidemiologica, se comunica que la medida de aislamiento continuar\u00e1 en principio, hasta el mi\u00e9rcoles 9 de junio inclusive, seg\u00fan lo comunic\u00f3 el propio Zamora.<\/p>\n\n\n\n<p>Pedimos la comprensi\u00f3n y colaboraci\u00f3n de esa comunidad, a los fines de que se pueda revertir el crecimiento del nivel de contagios en esa poblaci\u00f3n.<\/p>\n","protected":false},"excerpt":{"rendered":"<p>La medida fue informada por el Gobernador Gerardo Zamora a ra\u00edz del incremento de casos activos de coronavirus.<\/p>\n","protected":false},"author":2,"featured_media":6652,"comment_status":"open","ping_status":"open","sticky":false,"template":"","format":"standard","meta":{"om_disable_all_campaigns":false,"_monsterinsights_skip_tracking":false,"_monsterinsights_sitenote_active":false,"_monsterinsights_sitenote_note":"","_monsterinsights_sitenote_category":0,"_uf_show_specific_survey":0,"_uf_disable_surveys":false,"jetpack_post_was_ever_published":false,"_jetpack_newsletter_access":"","_jetpack_dont_email_post_to_subs":false,"_jetpack_newsletter_tier_id":0,"_jetpack_memberships_contains_paywalled_content":false,"_jetpack_memberships_contains_paid_content":false,"footnotes":"","jetpack_publicize_message":"","jetpack_publicize_feature_enabled":true,"jetpack_social_post_already_shared":false,"jetpack_social_options":{"image_generator_settings":{"template":"highway","default_image_id":0,"font":"","enabled":false},"version":2}},"categories":[21],"tags":[],"class_list":["post-22937","post","type-post","status-publish","format-standard","has-post-thumbnail","hentry","category-locales"],"aioseo_notices":[],"views":5,"jetpack_publicize_connections":[],"jetpack_featured_media_url":"https:\/\/i0.wp.com\/elterritorialweb.com.ar\/web\/wp-content\/uploads\/2020\/06\/policia-1-2.jpg?fit=1032%2C581&ssl=1","jetpack_sharing_enabled":true,"_links":{"self":[{"href":"https:\/\/elterritorialweb.com.ar\/web\/wp-json\/wp\/v2\/posts\/22937","targetHints":{"allow":["GET"]}}],"collection":[{"href":"https:\/\/elterritorialweb.com.ar\/web\/wp-json\/wp\/v2\/posts"}],"about":[{"href":"https:\/\/elterritorialweb.com.ar\/web\/wp-json\/wp\/v2\/types\/post"}],"author":[{"embeddable":true,"href":"https:\/\/elterritorialweb.com.ar\/web\/wp-json\/wp\/v2\/users\/2"}],"replies":[{"embeddable":true,"href":"https:\/\/elterritorialweb.com.ar\/web\/wp-json\/wp\/v2\/comments?post=22937"}],"version-history":[{"count":1,"href":"https:\/\/elterritorialweb.com.ar\/web\/wp-json\/wp\/v2\/posts\/22937\/revisions"}],"predecessor-version":[{"id":22938,"href":"https:\/\/elterritorialweb.com.ar\/web\/wp-json\/wp\/v2\/posts\/22937\/revisions\/22938"}],"wp:featuredmedia":[{"embeddable":true,"href":"https:\/\/elterritorialweb.com.ar\/web\/wp-json\/wp\/v2\/media\/6652"}],"wp:attachment":[{"href":"https:\/\/elterritorialweb.com.ar\/web\/wp-json\/wp\/v2\/media?parent=22937"}],"wp:term":[{"taxonomy":"category","embeddable":true,"href":"https:\/\/elterritorialweb.com.ar\/web\/wp-json\/wp\/v2\/categories?post=22937"},{"taxonomy":"post_tag","embeddable":true,"href":"https:\/\/elterritorialweb.com.ar\/web\/wp-json\/wp\/v2\/tags?post=22937"}],"curies":[{"name":"wp","href":"https:\/\/api.w.org\/{rel}","templated":true}]}}