{"id":22939,"date":"2021-06-06T01:59:14","date_gmt":"2021-06-06T01:59:14","guid":{"rendered":"http:\/\/elterritorialweb.com.ar\/web\/?p=22939"},"modified":"2021-06-06T01:59:15","modified_gmt":"2021-06-06T01:59:15","slug":"frezzotti-queremos-tener-revancha","status":"publish","type":"post","link":"https:\/\/elterritorialweb.com.ar\/web\/frezzotti-queremos-tener-revancha\/","title":{"rendered":"FREZZOTTI: \u00abQUEREMOS TENER REVANCHA\u00bb"},"content":{"rendered":"\n<p>\u00abEl balance del torneo es malo, con el buen arranque esper\u00e1bamos estar en otra situaci\u00f3n, hace varios partidos que no se dan los resultados, tuvimos compromisos en los que no jugamos bien y nos han convertido muchos goles. Este tiempo sirve para corregir los errores, somos muy autocr\u00edticos y no nos excusamos en nada. Siempre trabajamos para salir adelante, queremos tener revancha, tenemos un partido importante ante Tigre que es uno de los punteros. En estos d\u00edas trataremos de ganar confianza, que quiz\u00e1 es lo que hoy nos est\u00e1 faltando\u00bb. <\/p>\n\n\n\n<p>\u00abCuando arrancamos no \u00e9ramos los mejores ni hoy somos los peores del mundo, entendemos al hincha que quiere ganar todo y hace varios partidos que no le podemos dar una alegr\u00eda. Damos siempre lo mejor y somos los primeros que queremos salir adelante, le pedimos a la gente que nos siga apoyando, vamos a hacer todo lo posible para revertir esta situaci\u00f3n y entrar en el grupo de los cuatro de arriba que es nuestro objetivo. Se que lo vamos a hacer, tengo plena confianza en este plantel\u00bb, expres\u00f3 el mediocampista. <\/p>\n\n\n\n<p>Por \u00faltimo, el volante se refiri\u00f3 a su presente en la instituci\u00f3n. \u00abSiempre tengo que mejorar, nunca me voy conforme, llega el lunes y s\u00e9 que tengo que volver a entrenar nuevamente y dar todo. individualmente debemos crecer, esperemos que este tiempo sirva para mejorar y sacar a Mitre adelante\u00bb, concluy\u00f3 Alejandro Frezzotti.<\/p>\n","protected":false},"excerpt":{"rendered":"<p>El experimentado volante Alejandro Frezzotti, se refiri\u00f3 a la actualidad del equipo y al intenso trabajo que el plantel lleva a cabo para revertir la situaci\u00f3n actual. <\/p>\n","protected":false},"author":2,"featured_media":22940,"comment_status":"open","ping_status":"open","sticky":false,"template":"","format":"standard","meta":{"om_disable_all_campaigns":false,"_monsterinsights_skip_tracking":false,"_monsterinsights_sitenote_active":false,"_monsterinsights_sitenote_note":"","_monsterinsights_sitenote_category":0,"_uf_show_specific_survey":0,"_uf_disable_surveys":false,"jetpack_post_was_ever_published":false,"_jetpack_newsletter_access":"","_jetpack_dont_email_post_to_subs":false,"_jetpack_newsletter_tier_id":0,"_jetpack_memberships_contains_paywalled_content":false,"_jetpack_memberships_contains_paid_content":false,"footnotes":"","jetpack_publicize_message":"","jetpack_publicize_feature_enabled":true,"jetpack_social_post_already_shared":false,"jetpack_social_options":{"image_generator_settings":{"template":"highway","default_image_id":0,"font":"","enabled":false},"version":2}},"categories":[6],"tags":[],"class_list":["post-22939","post","type-post","status-publish","format-standard","has-post-thumbnail","hentry","category-deportes"],"aioseo_notices":[],"views":6,"jetpack_publicize_connections":[],"jetpack_featured_media_url":"https:\/\/i0.wp.com\/elterritorialweb.com.ar\/web\/wp-content\/uploads\/2021\/06\/FREZOTTI-DE-MITRE-e1622944743162.jpg?fit=843%2C735&ssl=1","jetpack_sharing_enabled":true,"_links":{"self":[{"href":"https:\/\/elterritorialweb.com.ar\/web\/wp-json\/wp\/v2\/posts\/22939","targetHints":{"allow":["GET"]}}],"collection":[{"href":"https:\/\/elterritorialweb.com.ar\/web\/wp-json\/wp\/v2\/posts"}],"about":[{"href":"https:\/\/elterritorialweb.com.ar\/web\/wp-json\/wp\/v2\/types\/post"}],"author":[{"embeddable":true,"href":"https:\/\/elterritorialweb.com.ar\/web\/wp-json\/wp\/v2\/users\/2"}],"replies":[{"embeddable":true,"href":"https:\/\/elterritorialweb.com.ar\/web\/wp-json\/wp\/v2\/comments?post=22939"}],"version-history":[{"count":1,"href":"https:\/\/elterritorialweb.com.ar\/web\/wp-json\/wp\/v2\/posts\/22939\/revisions"}],"predecessor-version":[{"id":22941,"href":"https:\/\/elterritorialweb.com.ar\/web\/wp-json\/wp\/v2\/posts\/22939\/revisions\/22941"}],"wp:featuredmedia":[{"embeddable":true,"href":"https:\/\/elterritorialweb.com.ar\/web\/wp-json\/wp\/v2\/media\/22940"}],"wp:attachment":[{"href":"https:\/\/elterritorialweb.com.ar\/web\/wp-json\/wp\/v2\/media?parent=22939"}],"wp:term":[{"taxonomy":"category","embeddable":true,"href":"https:\/\/elterritorialweb.com.ar\/web\/wp-json\/wp\/v2\/categories?post=22939"},{"taxonomy":"post_tag","embeddable":true,"href":"https:\/\/elterritorialweb.com.ar\/web\/wp-json\/wp\/v2\/tags?post=22939"}],"curies":[{"name":"wp","href":"https:\/\/api.w.org\/{rel}","templated":true}]}}