{"id":22944,"date":"2021-06-06T03:56:32","date_gmt":"2021-06-06T03:56:32","guid":{"rendered":"http:\/\/elterritorialweb.com.ar\/web\/?p=22944"},"modified":"2021-06-06T03:56:33","modified_gmt":"2021-06-06T03:56:33","slug":"clausuran-gimnasio-e-imputan-a-cuatro-deportistas","status":"publish","type":"post","link":"https:\/\/elterritorialweb.com.ar\/web\/clausuran-gimnasio-e-imputan-a-cuatro-deportistas\/","title":{"rendered":"CLAUSURAN GIMNASIO E IMPUTAN A CUATRO DEPORTISTAS"},"content":{"rendered":"\n<p>.El procedimiento se llev\u00f3 a cabo en la jornada de este s\u00e1bado, cuando alrededor de las 11 hs., efectivos de la Sub-comisar\u00eda de Villa Balnearia detectaron que en un gimnasio, se estaba llevando a cabo una actividad deportiva. De inmediato, se procedi\u00f3 a identificar al propietario de 32 a\u00f1os, quien se hallaba en compa\u00f1\u00eda de otras 3 personas del sexo masculino y en ese momento se le inform\u00f3 que la actividad que realizaban no estaba contemplada como esencial, por lo que hab\u00edan incurrido en una violaci\u00f3n a las normas establecidas mediante protocolos.<\/p>\n\n\n\n<p>Por orden del fiscal Carlos Vega, quien dispuso la identificaci\u00f3n de los deportistas y la imputaci\u00f3n a los mismos del art\u00edculo 205 del C\u00f3digo Penal Argentino, por haber puesto en riesgo la salud p\u00fablica en el contexto de pandemia. Para finalizar, el personal de Calidad de Vida de la Municipalidad Termal procedi\u00f3 al cierre y clausura preventiva del local.<\/p>\n","protected":false},"excerpt":{"rendered":"<p>Personal policial de Las Termas de R\u00edo Hondo clausur\u00f3 un gimnasio en la ciudad Spa, donde cuatro personas realizaban actividad f\u00edsica en un lugar cerrado, desconociendo las disposiciones que establecen los protocolos sanitarios para la actividad, motivo por el cual fueron imputados del delito de haber puesto en riesgo la salud p\u00fablica<\/p>\n","protected":false},"author":2,"featured_media":22945,"comment_status":"open","ping_status":"open","sticky":false,"template":"","format":"standard","meta":{"om_disable_all_campaigns":false,"_monsterinsights_skip_tracking":false,"_monsterinsights_sitenote_active":false,"_monsterinsights_sitenote_note":"","_monsterinsights_sitenote_category":0,"_uf_show_specific_survey":0,"_uf_disable_surveys":false,"jetpack_post_was_ever_published":false,"_jetpack_newsletter_access":"","_jetpack_dont_email_post_to_subs":false,"_jetpack_newsletter_tier_id":0,"_jetpack_memberships_contains_paywalled_content":false,"_jetpack_memberships_contains_paid_content":false,"footnotes":"","jetpack_publicize_message":"","jetpack_publicize_feature_enabled":true,"jetpack_social_post_already_shared":false,"jetpack_social_options":{"image_generator_settings":{"template":"highway","default_image_id":0,"font":"","enabled":false},"version":2}},"categories":[21],"tags":[],"class_list":["post-22944","post","type-post","status-publish","format-standard","has-post-thumbnail","hentry","category-locales"],"aioseo_notices":[],"views":7,"jetpack_publicize_connections":[],"jetpack_featured_media_url":"https:\/\/i0.wp.com\/elterritorialweb.com.ar\/web\/wp-content\/uploads\/2021\/06\/clausuran-gym-en-termas-e1622951769158.jpg?fit=960%2C614&ssl=1","jetpack_sharing_enabled":true,"_links":{"self":[{"href":"https:\/\/elterritorialweb.com.ar\/web\/wp-json\/wp\/v2\/posts\/22944","targetHints":{"allow":["GET"]}}],"collection":[{"href":"https:\/\/elterritorialweb.com.ar\/web\/wp-json\/wp\/v2\/posts"}],"about":[{"href":"https:\/\/elterritorialweb.com.ar\/web\/wp-json\/wp\/v2\/types\/post"}],"author":[{"embeddable":true,"href":"https:\/\/elterritorialweb.com.ar\/web\/wp-json\/wp\/v2\/users\/2"}],"replies":[{"embeddable":true,"href":"https:\/\/elterritorialweb.com.ar\/web\/wp-json\/wp\/v2\/comments?post=22944"}],"version-history":[{"count":1,"href":"https:\/\/elterritorialweb.com.ar\/web\/wp-json\/wp\/v2\/posts\/22944\/revisions"}],"predecessor-version":[{"id":22946,"href":"https:\/\/elterritorialweb.com.ar\/web\/wp-json\/wp\/v2\/posts\/22944\/revisions\/22946"}],"wp:featuredmedia":[{"embeddable":true,"href":"https:\/\/elterritorialweb.com.ar\/web\/wp-json\/wp\/v2\/media\/22945"}],"wp:attachment":[{"href":"https:\/\/elterritorialweb.com.ar\/web\/wp-json\/wp\/v2\/media?parent=22944"}],"wp:term":[{"taxonomy":"category","embeddable":true,"href":"https:\/\/elterritorialweb.com.ar\/web\/wp-json\/wp\/v2\/categories?post=22944"},{"taxonomy":"post_tag","embeddable":true,"href":"https:\/\/elterritorialweb.com.ar\/web\/wp-json\/wp\/v2\/tags?post=22944"}],"curies":[{"name":"wp","href":"https:\/\/api.w.org\/{rel}","templated":true}]}}