{"id":22959,"date":"2021-06-06T18:37:35","date_gmt":"2021-06-06T18:37:35","guid":{"rendered":"http:\/\/elterritorialweb.com.ar\/web\/?p=22959"},"modified":"2021-06-06T18:37:36","modified_gmt":"2021-06-06T18:37:36","slug":"mirolo-inauguro-la-plaza-dona-shalu-en-el-barrio-mishqui-mayu","status":"publish","type":"post","link":"https:\/\/elterritorialweb.com.ar\/web\/mirolo-inauguro-la-plaza-dona-shalu-en-el-barrio-mishqui-mayu\/","title":{"rendered":"MIROLO INAUGUR\u00d3 LA PLAZA \u201cDO\u00d1A SHALU\u201d EN EL BARRIO MISHQUI MAYU"},"content":{"rendered":"\n<p>Durante el descubrimiento de la placa recordatoria, el jefe comunal estuvo acompa\u00f1ado por el viceintendente Roger Nediani, el Secretario de Obras P\u00fablicas, Cristian Alzamora, el equipo de arquitectos y vecinos, en la oportunidad el intendente remarc\u00f3 la importancia de este espacio, sobre todo en este dif\u00edcil momento que est\u00e1 viviendo el mundo; en tanto que Juan Andr\u00e9s Alba, hijo de Graciela L\u00f3pez (a) Do\u00f1a Shalu\u00a0\u00a0se mostr\u00f3 muy orgulloso y agradecido por tal reconocimiento.<\/p>\n\n\n\n<p>La plaza situada en Av. Eva Per\u00f3n y Calchaqu\u00edes, solicitada por los vecinos de diferentes grupos y planificada junto al municipio, fue creada con el objetivo de convertirse en un lugar de encuentro al aire libre y consiste en 1500 m2 de un espacio recuperado, 300 m2 de caminer\u00edas, luminarias LED, bancos, mesas con tableros de ajedrez, juegos infantiles, equipamiento urbano, aparatos de gimnasia y \u00e1rboles de diferentes especies.<\/p>\n\n\n\n<p>Esta es la segunda plaza que se inaugura en lo que va del a\u00f1o, mientras que otras tres se est\u00e1n ejecutando simult\u00e1neamente, las mismas forman parte del plan de recuperaci\u00f3n y reconstrucci\u00f3n de 10 espacios verdes en los barrios bande\u00f1os hasta fin de a\u00f1o.<\/p>\n\n\n\n<p>Durante la entrevista, Mirolo expres\u00f3: \u00abVenimos realizando un trabajo muy consensuado con las Juntas Vecinales de distintos barrios de la ciudad de La Banda. Recuperar este espacio era una de las demandas principales que ten\u00edan, ya que durante a\u00f1os estuvo destinado a ser un minibasural y que los empleados permanentemente deb\u00edan limpiar, era una queja constante de los vecinos. Hoy poder transformar todo este sector en un espacio p\u00fablico, en este tiempo es una gran relevancia no s\u00f3lo por la posibilidad de los vecinos de reunirse sino todo lo que significa revalorizar el espacio en este marco de pandemia\u00bb .<\/p>\n\n\n\n<p>\u00abLos vecinos podr\u00e1n reunirse al aire libre, los chicos podr\u00e1n jugar y los adultos mayores compartir, creo que es importante y valorable. Fue muy esperado por los vecinos y trabajado mucho por el municipio\u00bb, concluy\u00f3.<\/p>\n","protected":false},"excerpt":{"rendered":"<p>En homenaje a un personaje ic\u00f3nico del humor santiague\u00f1o y siguiendo el protocolo sanitario, generado por el Covid 19, el intendente Pablo Mirolo inaugur\u00f3 en la tarde del viernes la plaza saludable \u00abDo\u00f1a Shalu\u00bb en el barrio Mishqui Mayu.<\/p>\n","protected":false},"author":2,"featured_media":22960,"comment_status":"open","ping_status":"open","sticky":false,"template":"","format":"standard","meta":{"om_disable_all_campaigns":false,"_monsterinsights_skip_tracking":false,"_monsterinsights_sitenote_active":false,"_monsterinsights_sitenote_note":"","_monsterinsights_sitenote_category":0,"_uf_show_specific_survey":0,"_uf_disable_surveys":false,"jetpack_post_was_ever_published":false,"_jetpack_newsletter_access":"","_jetpack_dont_email_post_to_subs":false,"_jetpack_newsletter_tier_id":0,"_jetpack_memberships_contains_paywalled_content":false,"_jetpack_memberships_contains_paid_content":false,"footnotes":"","jetpack_publicize_message":"","jetpack_publicize_feature_enabled":true,"jetpack_social_post_already_shared":false,"jetpack_social_options":{"image_generator_settings":{"template":"highway","default_image_id":0,"font":"","enabled":false},"version":2}},"categories":[21],"tags":[],"class_list":["post-22959","post","type-post","status-publish","format-standard","has-post-thumbnail","hentry","category-locales"],"aioseo_notices":[],"views":4,"jetpack_publicize_connections":[],"jetpack_featured_media_url":"https:\/\/i0.wp.com\/elterritorialweb.com.ar\/web\/wp-content\/uploads\/2021\/06\/MIROLO-PLAZA-DEL-MISKY-MAYU.jpeg?fit=1030%2C744&ssl=1","jetpack_sharing_enabled":true,"_links":{"self":[{"href":"https:\/\/elterritorialweb.com.ar\/web\/wp-json\/wp\/v2\/posts\/22959","targetHints":{"allow":["GET"]}}],"collection":[{"href":"https:\/\/elterritorialweb.com.ar\/web\/wp-json\/wp\/v2\/posts"}],"about":[{"href":"https:\/\/elterritorialweb.com.ar\/web\/wp-json\/wp\/v2\/types\/post"}],"author":[{"embeddable":true,"href":"https:\/\/elterritorialweb.com.ar\/web\/wp-json\/wp\/v2\/users\/2"}],"replies":[{"embeddable":true,"href":"https:\/\/elterritorialweb.com.ar\/web\/wp-json\/wp\/v2\/comments?post=22959"}],"version-history":[{"count":1,"href":"https:\/\/elterritorialweb.com.ar\/web\/wp-json\/wp\/v2\/posts\/22959\/revisions"}],"predecessor-version":[{"id":22961,"href":"https:\/\/elterritorialweb.com.ar\/web\/wp-json\/wp\/v2\/posts\/22959\/revisions\/22961"}],"wp:featuredmedia":[{"embeddable":true,"href":"https:\/\/elterritorialweb.com.ar\/web\/wp-json\/wp\/v2\/media\/22960"}],"wp:attachment":[{"href":"https:\/\/elterritorialweb.com.ar\/web\/wp-json\/wp\/v2\/media?parent=22959"}],"wp:term":[{"taxonomy":"category","embeddable":true,"href":"https:\/\/elterritorialweb.com.ar\/web\/wp-json\/wp\/v2\/categories?post=22959"},{"taxonomy":"post_tag","embeddable":true,"href":"https:\/\/elterritorialweb.com.ar\/web\/wp-json\/wp\/v2\/tags?post=22959"}],"curies":[{"name":"wp","href":"https:\/\/api.w.org\/{rel}","templated":true}]}}